{"id":8338,"date":"2016-06-22T22:45:39","date_gmt":"2016-06-22T22:45:39","guid":{"rendered":"https:\/\/armstrongyregion.com.ar\/diario\/?p=8338"},"modified":"2016-06-22T22:45:39","modified_gmt":"2016-06-22T22:45:39","slug":"la-comuna-de-correa-fue-parte-del-encuentro-nacional-de-sustentabilidad-energetica","status":"publish","type":"post","link":"https:\/\/armstrongyregion.com.ar\/diario\/la-comuna-de-correa-fue-parte-del-encuentro-nacional-de-sustentabilidad-energetica\/","title":{"rendered":"La Comuna de Correa fue parte del encuentro Nacional de Sustentabilidad Energ\u00e9tica."},"content":{"rendered":"<p><a href=\"http:\/\/armstrongyregion.com.ar\/diario\/wp-content\/uploads\/2016\/06\/Encuentro-en-Gral.-Alvear.jpg\"><img loading=\"lazy\" decoding=\"async\" src=\"http:\/\/armstrongyregion.com.ar\/diario\/wp-content\/uploads\/2016\/06\/Encuentro-en-Gral.-Alvear.jpg\" alt=\"Encuentro en Gral. Alvear\" width=\"768\" height=\"447\" class=\"alignnone size-full wp-image-8339\" srcset=\"https:\/\/armstrongyregion.com.ar\/diario\/wp-content\/uploads\/2016\/06\/Encuentro-en-Gral.-Alvear.jpg 768w, https:\/\/armstrongyregion.com.ar\/diario\/wp-content\/uploads\/2016\/06\/Encuentro-en-Gral.-Alvear-300x175.jpg 300w\" sizes=\"auto, (max-width: 768px) 100vw, 768px\" \/><\/a>El presidente comunal Fabi\u00e1n Cejas estuvo en el evento llevado a cabo durante el \u00faltimo fin de semana en General Alvear, provincia de Mendoza, con el objetivo de mostrar las distintas iniciativas implementadas para el cuidado del medio ambiente en la localidad.<br \/>\n\u201cCorrea es reconocido a nivel nacional por diferentes pol\u00edticas en esta materia. A partir de un trabajo en equipo con la Secretaria provincial de Energ\u00edas Renovables, se est\u00e1 finalizando la construcci\u00f3n de 14 viviendas donde se combina la utilizaci\u00f3n de energ\u00eda solar y el\u00e9ctrica. Al terminar las obras, se transformar\u00e1 en el primer y \u00fanico barrio de Santa Fe que cuenten con estas caracter\u00edsticas\u201d, mencion\u00f3 el representante de la Comuna de Correa.<br \/>\nCon la organizaci\u00f3n de la Red Argentina de Municipios contra el Cambio Clim\u00e1tico y la Fundaci\u00f3n Friedrich Ebert, estos encuentros buscan generar la cultura de la eficiencia energ\u00e9tica y el empleo de fuentes alternativas de energ\u00edas renovables.<br \/>\n\u201cEl cuidado del medio ambiente es uno de los ejes en los que radicamos los esfuerzos de nuestra gesti\u00f3n. Es importante que nuestra comunidad pueda sumar conciencia ambiental para cuidar nuestro planeta\u201d, enfatiz\u00f3 Cejas.<br \/>\nEl recurso solar necesita del empleo de tecnolog\u00edas adecuadas para su aprovechamiento energ\u00e9tico; y de educaci\u00f3n para transmitir a la poblaci\u00f3n en general la cultura de la eficiencia energ\u00e9tica y el uso de fuentes alternativas de energ\u00edas renovables.<\/p>\n","protected":false},"excerpt":{"rendered":"<p>El presidente comunal Fabi\u00e1n Cejas estuvo en el evento llevado a cabo durante el \u00faltimo fin de semana en General Alvear, provincia de Mendoza, con el objetivo de mostrar las distintas iniciativas implementadas para el cuidado del medio ambiente en la localidad. \u201cCorrea es reconocido a nivel nacional por diferentes pol\u00edticas en esta materia. A <a href=\"https:\/\/armstrongyregion.com.ar\/diario\/la-comuna-de-correa-fue-parte-del-encuentro-nacional-de-sustentabilidad-energetica\/\" title=\"Read more\" >&#8230;<\/a><\/p>\n","protected":false},"author":2,"featured_media":8339,"comment_status":"open","ping_status":"open","sticky":false,"template":"","format":"standard","meta":{"_jetpack_memberships_contains_paid_content":false,"footnotes":"","jetpack_publicize_message":"","jetpack_publicize_feature_enabled":true,"jetpack_social_post_already_shared":false,"jetpack_social_options":{"image_generator_settings":{"template":"highway","default_image_id":0,"enabled":false},"version":2}},"categories":[1,3],"tags":[179,303,19,3664,63,1800,1665,621],"class_list":["post-8338","post","type-post","status-publish","format-standard","has-post-thumbnail","hentry","category-diario-armstrong","category-region","tag-al","tag-correa","tag-de","tag-electrica","tag-encuentro","tag-energia","tag-fue","tag-nacional"],"jetpack_publicize_connections":[],"jetpack_featured_media_url":"https:\/\/armstrongyregion.com.ar\/diario\/wp-content\/uploads\/2016\/06\/Encuentro-en-Gral.-Alvear.jpg","jetpack_shortlink":"https:\/\/wp.me\/p62QDO-2au","jetpack_sharing_enabled":true,"amp_enabled":true,"_links":{"self":[{"href":"https:\/\/armstrongyregion.com.ar\/diario\/wp-json\/wp\/v2\/posts\/8338","targetHints":{"allow":["GET"]}}],"collection":[{"href":"https:\/\/armstrongyregion.com.ar\/diario\/wp-json\/wp\/v2\/posts"}],"about":[{"href":"https:\/\/armstrongyregion.com.ar\/diario\/wp-json\/wp\/v2\/types\/post"}],"author":[{"embeddable":true,"href":"https:\/\/armstrongyregion.com.ar\/diario\/wp-json\/wp\/v2\/users\/2"}],"replies":[{"embeddable":true,"href":"https:\/\/armstrongyregion.com.ar\/diario\/wp-json\/wp\/v2\/comments?post=8338"}],"version-history":[{"count":0,"href":"https:\/\/armstrongyregion.com.ar\/diario\/wp-json\/wp\/v2\/posts\/8338\/revisions"}],"wp:featuredmedia":[{"embeddable":true,"href":"https:\/\/armstrongyregion.com.ar\/diario\/wp-json\/wp\/v2\/media\/8339"}],"wp:attachment":[{"href":"https:\/\/armstrongyregion.com.ar\/diario\/wp-json\/wp\/v2\/media?parent=8338"}],"wp:term":[{"taxonomy":"category","embeddable":true,"href":"https:\/\/armstrongyregion.com.ar\/diario\/wp-json\/wp\/v2\/categories?post=8338"},{"taxonomy":"post_tag","embeddable":true,"href":"https:\/\/armstrongyregion.com.ar\/diario\/wp-json\/wp\/v2\/tags?post=8338"}],"curies":[{"name":"wp","href":"https:\/\/api.w.org\/{rel}","templated":true}]}}