{"id":8322,"date":"2016-06-21T12:18:20","date_gmt":"2016-06-21T12:18:20","guid":{"rendered":"https:\/\/armstrongyregion.com.ar\/diario\/?p=8322"},"modified":"2016-06-21T12:18:20","modified_gmt":"2016-06-21T12:18:20","slug":"canada-de-gomez-charla-gratuita-sobre-fobias-y-ataques-de-panico","status":"publish","type":"post","link":"https:\/\/armstrongyregion.com.ar\/diario\/canada-de-gomez-charla-gratuita-sobre-fobias-y-ataques-de-panico\/","title":{"rendered":"Ca\u00f1ada de G\u00f3mez. Charla gratuita sobre Fobias y Ataques de P\u00e1nico"},"content":{"rendered":"<p><a href=\"http:\/\/armstrongyregion.com.ar\/diario\/wp-content\/uploads\/2016\/06\/charla-senado-.jpg\"><img loading=\"lazy\" decoding=\"async\" src=\"http:\/\/armstrongyregion.com.ar\/diario\/wp-content\/uploads\/2016\/06\/charla-senado-.jpg\" alt=\"charla-senado-\" width=\"768\" height=\"576\" class=\"alignnone size-full wp-image-8323\" srcset=\"https:\/\/armstrongyregion.com.ar\/diario\/wp-content\/uploads\/2016\/06\/charla-senado-.jpg 768w, https:\/\/armstrongyregion.com.ar\/diario\/wp-content\/uploads\/2016\/06\/charla-senado--300x225.jpg 300w\" sizes=\"auto, (max-width: 768px) 100vw, 768px\" \/><\/a>Se realizar\u00e1 este mi\u00e9rcoles a las 19:30 hs. en la Casa del Senado en Ca\u00f1ada de G\u00f3mez (San Mart\u00edn 469). Estar\u00e1 a cargo de la psic\u00f3loga Noelia Moreno, quien abordar\u00e1 los mecanismos y causas que originan estos padecimientos.<\/p>\n<p>Se trata de la primera de una serie de charlas, que en esta oportunidad tendr\u00e1 como tem\u00e1ticas los ataques de p\u00e1nico y fobias, dos maneras de padecimiento subjetivos que mantienen ciertas diferencias estructurales pero que guardan cierta semejanza.<\/p>\n<p>La psic\u00f3loga Noelia Moreno coment\u00f3 que \u201cen nuestros diversos \u00e1mbitos de trabajo recibimos reiteradamente la demanda de obtener informaci\u00f3n acerca de distintas patolog\u00edas y modos de padecimiento en la actualidad, como depresiones, ataques de p\u00e1nico y adicciones entre otras\u201d, y dijo que \u201ca modo de respuesta ofrecemos a la comunidad un ciclo de charlas para abordar los mecanismos que se esconden detr\u00e1s de estas problem\u00e1ticas, y sus posibles causas\u201d.<\/p>\n<p>\u201cAdem\u00e1s, consideramos que es tambi\u00e9n una tarea preventiva, entendiendo por prevenci\u00f3n todo trabajo que cumpla una funci\u00f3n educativa de transformaci\u00f3n profunda de representaciones sociales, de acciones cotidianas y de formas de vida. En efecto, de eso se trata nuestra pr\u00e1ctica, de cambiar realidades\u201d, agreg\u00f3 la profesional.<\/p>\n<p>La charla gratuita se desarrollar\u00e1 este mi\u00e9rcoles 22 de junio, a partir de las 19:30 hs., en la Casa del Senado en Ca\u00f1ada de G\u00f3mez, ubicada en calle San Mart\u00edn 469.<\/p>\n<p>Esta actividad se realiza por iniciativa conjunta del senador provincial Hugo Rasetto, y el concejal Fernando Mauroni.<\/p>\n","protected":false},"excerpt":{"rendered":"<p>Se realizar\u00e1 este mi\u00e9rcoles a las 19:30 hs. en la Casa del Senado en Ca\u00f1ada de G\u00f3mez (San Mart\u00edn 469). Estar\u00e1 a cargo de la psic\u00f3loga Noelia Moreno, quien abordar\u00e1 los mecanismos y causas que originan estos padecimientos. Se trata de la primera de una serie de charlas, que en esta oportunidad tendr\u00e1 como tem\u00e1ticas <a href=\"https:\/\/armstrongyregion.com.ar\/diario\/canada-de-gomez-charla-gratuita-sobre-fobias-y-ataques-de-panico\/\" title=\"Read more\" >&#8230;<\/a><\/p>\n","protected":false},"author":2,"featured_media":8323,"comment_status":"open","ping_status":"open","sticky":false,"template":"","format":"standard","meta":{"_jetpack_memberships_contains_paid_content":false,"footnotes":"","jetpack_publicize_message":"","jetpack_publicize_feature_enabled":true,"jetpack_social_post_already_shared":false,"jetpack_social_options":{"image_generator_settings":{"template":"highway","default_image_id":0,"enabled":false},"version":2}},"categories":[1,4,3],"tags":[325,432,53,15,2151,326],"class_list":["post-8322","post","type-post","status-publish","format-standard","has-post-thumbnail","hentry","category-diario-armstrong","category-prevencion-salud","category-region","tag-casa","tag-charla","tag-del","tag-en","tag-gratuita","tag-senado"],"jetpack_publicize_connections":[],"jetpack_featured_media_url":"https:\/\/armstrongyregion.com.ar\/diario\/wp-content\/uploads\/2016\/06\/charla-senado-.jpg","jetpack_shortlink":"https:\/\/wp.me\/p62QDO-2ae","jetpack_sharing_enabled":true,"amp_enabled":true,"_links":{"self":[{"href":"https:\/\/armstrongyregion.com.ar\/diario\/wp-json\/wp\/v2\/posts\/8322","targetHints":{"allow":["GET"]}}],"collection":[{"href":"https:\/\/armstrongyregion.com.ar\/diario\/wp-json\/wp\/v2\/posts"}],"about":[{"href":"https:\/\/armstrongyregion.com.ar\/diario\/wp-json\/wp\/v2\/types\/post"}],"author":[{"embeddable":true,"href":"https:\/\/armstrongyregion.com.ar\/diario\/wp-json\/wp\/v2\/users\/2"}],"replies":[{"embeddable":true,"href":"https:\/\/armstrongyregion.com.ar\/diario\/wp-json\/wp\/v2\/comments?post=8322"}],"version-history":[{"count":0,"href":"https:\/\/armstrongyregion.com.ar\/diario\/wp-json\/wp\/v2\/posts\/8322\/revisions"}],"wp:featuredmedia":[{"embeddable":true,"href":"https:\/\/armstrongyregion.com.ar\/diario\/wp-json\/wp\/v2\/media\/8323"}],"wp:attachment":[{"href":"https:\/\/armstrongyregion.com.ar\/diario\/wp-json\/wp\/v2\/media?parent=8322"}],"wp:term":[{"taxonomy":"category","embeddable":true,"href":"https:\/\/armstrongyregion.com.ar\/diario\/wp-json\/wp\/v2\/categories?post=8322"},{"taxonomy":"post_tag","embeddable":true,"href":"https:\/\/armstrongyregion.com.ar\/diario\/wp-json\/wp\/v2\/tags?post=8322"}],"curies":[{"name":"wp","href":"https:\/\/api.w.org\/{rel}","templated":true}]}}