{"id":8319,"date":"2016-06-21T01:24:56","date_gmt":"2016-06-21T01:24:56","guid":{"rendered":"https:\/\/armstrongyregion.com.ar\/diario\/?p=8319"},"modified":"2016-06-21T01:24:56","modified_gmt":"2016-06-21T01:24:56","slug":"llega-el-invierno-aseguran-que-no-sera-mas-frio-que-otros-anos","status":"publish","type":"post","link":"https:\/\/armstrongyregion.com.ar\/diario\/llega-el-invierno-aseguran-que-no-sera-mas-frio-que-otros-anos\/","title":{"rendered":"Llega el invierno: aseguran que no ser\u00e1 m\u00e1s fr\u00edo que otros a\u00f1os."},"content":{"rendered":"<p><a href=\"http:\/\/armstrongyregion.com.ar\/diario\/wp-content\/uploads\/2016\/06\/invierno-.jpg\"><img loading=\"lazy\" decoding=\"async\" src=\"http:\/\/armstrongyregion.com.ar\/diario\/wp-content\/uploads\/2016\/06\/invierno-.jpg\" alt=\"invierno-\" width=\"684\" height=\"440\" class=\"alignnone size-full wp-image-8320\" srcset=\"https:\/\/armstrongyregion.com.ar\/diario\/wp-content\/uploads\/2016\/06\/invierno-.jpg 684w, https:\/\/armstrongyregion.com.ar\/diario\/wp-content\/uploads\/2016\/06\/invierno--300x193.jpg 300w\" sizes=\"auto, (max-width: 684px) 100vw, 684px\" \/><\/a>Este martes 21 comienza oficialmente la nueva estaci\u00f3n, para Rosario y la regi\u00f3n, se anuncian temperaturas bajas pero estables. A pesar del duro oto\u00f1o, los meses que vienen no ser\u00edan m\u00e1s rigurosos.<\/p>\n<p>Con temperaturas bajas y estables en la mayor parte del pa\u00eds, este martes 21 de junio comienza el invierno, que no vaticina ser m\u00e1s riguroso que otros a\u00f1os aunque suceda a un oto\u00f1o que bati\u00f3 r\u00e9cords de fr\u00edo como no se registraban desde hace 60 a\u00f1os.<\/p>\n<p>Desde el punto de vista netamente meteorol\u00f3gico, la temporada m\u00e1s fr\u00eda ya comenz\u00f3 en el atardecer de este lunes feriado.<br \/>\nSeg\u00fan el informe del Servicio Meteorol\u00f3gico Nacional (SMN), no se puede asegurar que el invierno que se aproxima llegue con marcas t\u00e9rmicas a\u00fan menores, ya que podr\u00eda cambiar el patr\u00f3n de circulaci\u00f3n y revertir el bloqueo, causado hasta el momento por la Corriente del Ni\u00f1o y la circulaci\u00f3n de vientos que se originan en la Ant\u00e1rtida.<\/p>\n<p>Las condiciones actuales refieren seg\u00fan el pron\u00f3stico para el trimestre en curso (junio, julio, agosto) a una transici\u00f3n entre El Ni\u00f1o y La Ni\u00f1a, este \u00faltimo fen\u00f3meno previsto para la primavera, lo que marca particularidades para este invierno.<\/p>\n<p>En mayo, el oto\u00f1o marc\u00f3 varios r\u00e9cords en la Argentina y se ubic\u00f3 en el cuarto mes m\u00e1s fr\u00edo de la historia para esta estaci\u00f3n, al registrarse un promedio de 16 grados, s\u00f3lo superado en los a\u00f1os 1917, 1931 y 1956, inform\u00f3 el Servicio Meteorol\u00f3gico Nacional.<br \/>\nMayo fue el mes que bati\u00f3 r\u00e9cords de fr\u00edo pero tambi\u00e9n lo fue abril, que tuvo la temperatura m\u00e1xima m\u00e1s baja de la historia al registrarse un promedio de 20,6 grados, por lo que en los dos \u00faltimos meses se batieron r\u00e9cords de bajas temperaturas.<\/p>\n<p>A\u00fan, no se puede prever que el invierno supere las temperaturas medias previstas para el per\u00edodo, aclararon las fuentes del SMN.<br \/>\nFuente: Rosario3.Com<\/p>\n","protected":false},"excerpt":{"rendered":"<p>Este martes 21 comienza oficialmente la nueva estaci\u00f3n, para Rosario y la regi\u00f3n, se anuncian temperaturas bajas pero estables. A pesar del duro oto\u00f1o, los meses que vienen no ser\u00edan m\u00e1s rigurosos. Con temperaturas bajas y estables en la mayor parte del pa\u00eds, este martes 21 de junio comienza el invierno, que no vaticina ser <a href=\"https:\/\/armstrongyregion.com.ar\/diario\/llega-el-invierno-aseguran-que-no-sera-mas-frio-que-otros-anos\/\" title=\"Read more\" >&#8230;<\/a><\/p>\n","protected":false},"author":2,"featured_media":8320,"comment_status":"open","ping_status":"open","sticky":false,"template":"","format":"standard","meta":{"_jetpack_memberships_contains_paid_content":false,"footnotes":"","jetpack_publicize_message":"","jetpack_publicize_feature_enabled":true,"jetpack_social_post_already_shared":false,"jetpack_social_options":{"image_generator_settings":{"template":"highway","default_image_id":0,"enabled":false},"version":2}},"categories":[1,2,3],"tags":[16,2233,368],"class_list":["post-8319","post","type-post","status-publish","format-standard","has-post-thumbnail","hentry","category-diario-armstrong","category-locales","category-region","tag-el","tag-invierno","tag-llega"],"jetpack_publicize_connections":[],"jetpack_featured_media_url":"https:\/\/armstrongyregion.com.ar\/diario\/wp-content\/uploads\/2016\/06\/invierno-.jpg","jetpack_shortlink":"https:\/\/wp.me\/p62QDO-2ab","jetpack_sharing_enabled":true,"amp_enabled":true,"_links":{"self":[{"href":"https:\/\/armstrongyregion.com.ar\/diario\/wp-json\/wp\/v2\/posts\/8319","targetHints":{"allow":["GET"]}}],"collection":[{"href":"https:\/\/armstrongyregion.com.ar\/diario\/wp-json\/wp\/v2\/posts"}],"about":[{"href":"https:\/\/armstrongyregion.com.ar\/diario\/wp-json\/wp\/v2\/types\/post"}],"author":[{"embeddable":true,"href":"https:\/\/armstrongyregion.com.ar\/diario\/wp-json\/wp\/v2\/users\/2"}],"replies":[{"embeddable":true,"href":"https:\/\/armstrongyregion.com.ar\/diario\/wp-json\/wp\/v2\/comments?post=8319"}],"version-history":[{"count":0,"href":"https:\/\/armstrongyregion.com.ar\/diario\/wp-json\/wp\/v2\/posts\/8319\/revisions"}],"wp:featuredmedia":[{"embeddable":true,"href":"https:\/\/armstrongyregion.com.ar\/diario\/wp-json\/wp\/v2\/media\/8320"}],"wp:attachment":[{"href":"https:\/\/armstrongyregion.com.ar\/diario\/wp-json\/wp\/v2\/media?parent=8319"}],"wp:term":[{"taxonomy":"category","embeddable":true,"href":"https:\/\/armstrongyregion.com.ar\/diario\/wp-json\/wp\/v2\/categories?post=8319"},{"taxonomy":"post_tag","embeddable":true,"href":"https:\/\/armstrongyregion.com.ar\/diario\/wp-json\/wp\/v2\/tags?post=8319"}],"curies":[{"name":"wp","href":"https:\/\/api.w.org\/{rel}","templated":true}]}}