{"id":8316,"date":"2016-06-21T00:18:42","date_gmt":"2016-06-21T00:18:42","guid":{"rendered":"https:\/\/armstrongyregion.com.ar\/diario\/?p=8316"},"modified":"2016-06-21T00:18:42","modified_gmt":"2016-06-21T00:18:42","slug":"armstrong-se-realizo-el-acto-conmemorativo-por-el-dia-de-la-bandera","status":"publish","type":"post","link":"https:\/\/armstrongyregion.com.ar\/diario\/armstrong-se-realizo-el-acto-conmemorativo-por-el-dia-de-la-bandera\/","title":{"rendered":"Armstrong. Se realiz\u00f3 el acto conmemorativo por el D\u00eda de la Bandera."},"content":{"rendered":"<p><a href=\"http:\/\/armstrongyregion.com.ar\/diario\/wp-content\/uploads\/2016\/06\/Dia-de-la-bandera-.jpg\"><img loading=\"lazy\" decoding=\"async\" src=\"http:\/\/armstrongyregion.com.ar\/diario\/wp-content\/uploads\/2016\/06\/Dia-de-la-bandera-.jpg\" alt=\"Dia-de-la-bandera-\" width=\"960\" height=\"638\" class=\"alignnone size-full wp-image-8317\" srcset=\"https:\/\/armstrongyregion.com.ar\/diario\/wp-content\/uploads\/2016\/06\/Dia-de-la-bandera-.jpg 960w, https:\/\/armstrongyregion.com.ar\/diario\/wp-content\/uploads\/2016\/06\/Dia-de-la-bandera--300x199.jpg 300w\" sizes=\"auto, (max-width: 960px) 100vw, 960px\" \/><\/a>A partir de las 14,30hs en la Plaza San Martin se realiz\u00f3 el acto conmemorativo por el D\u00eda de la Bandera, el intendente municipal Dr. Pablo Verdecchia homenaje\u00f3 a Manuel Belgrano, creador de nuestra insignia patria y la participaci\u00f3n del alumnado de la  Escuela Normal Superior N\u00ba 33 \u201cDr. Mariano Moreno\u201d le dieron Juventud e impusieron los colores celeste y blanco.<br \/>\nEn la oportunidad, y como cada a\u00f1o, los alumnos de 4\u00ba grado de todas las escuelas de la ciudad realizaron su juramento a la bandera.<br \/>\nEl D\u00eda de la Bandera se conmemora en recuerdo del fallecimiento de su creador, Manuel Belgrano, fallecido el 20 de junio de 1820. La fecha fue decretada por ley 12.361 del  8 de junio de 1938, con aprobaci\u00f3n del Congreso, por el entonces Presidente de la Naci\u00f3n Argentina, Roberto Marcelino Ortiz.<br \/>\nEl 20 de junio de 1820 mor\u00eda Manuel Belgrano en la pobreza extrema, en una Buenos Aires asolada por la guerra civil. Fue uno de los m\u00e1s notables economistas argentinos, precursor del periodismo nacional, impulsor de la educaci\u00f3n popular, la industria nacional y la justicia social. Se destac\u00f3 durante las invasiones inglesas, cuando se incorpor\u00f3 a las milicias criollas para defender la ciudad, y fue uno de los pocos que se negaron a prestar juramento al invasor. Cumpli\u00f3 un rol protag\u00f3nico durante la Revoluci\u00f3n de Mayo y fue nombrado vocal de la Primera Junta. Encabez\u00f3 la  expedici\u00f3n al Paraguay; y el 27 de febrero de 1812 cre\u00f3 la bandera, algo que le vali\u00f3 la reprimenda del Primer Triunvirato. En el Norte encabez\u00f3 el heroico \u00e9xodo del pueblo juje\u00f1o y logr\u00f3 las grandes victorias de Tucum\u00e1n y Salta. Tras las derrotas de Vilcapugio y Ayohuma, sin embargo, se retir\u00f3 del Ej\u00e9rcito del Norte. En 1816, particip\u00f3 activamente en el Congreso de Tucum\u00e1n que el 9 de julio declarar\u00eda  la Independencia.<\/p>\n","protected":false},"excerpt":{"rendered":"<p>A partir de las 14,30hs en la Plaza San Martin se realiz\u00f3 el acto conmemorativo por el D\u00eda de la Bandera, el intendente municipal Dr. Pablo Verdecchia homenaje\u00f3 a Manuel Belgrano, creador de nuestra insignia patria y la participaci\u00f3n del alumnado de la Escuela Normal Superior N\u00ba 33 \u201cDr. Mariano Moreno\u201d le dieron Juventud e <a href=\"https:\/\/armstrongyregion.com.ar\/diario\/armstrong-se-realizo-el-acto-conmemorativo-por-el-dia-de-la-bandera\/\" title=\"Read more\" >&#8230;<\/a><\/p>\n","protected":false},"author":2,"featured_media":8317,"comment_status":"open","ping_status":"open","sticky":false,"template":"","format":"standard","meta":{"_jetpack_memberships_contains_paid_content":false,"footnotes":"","jetpack_publicize_message":"","jetpack_publicize_feature_enabled":true,"jetpack_social_post_already_shared":false,"jetpack_social_options":{"image_generator_settings":{"template":"highway","default_image_id":0,"enabled":false},"version":2}},"categories":[6,1,2,7,3],"tags":[1212,1894,4092,19,793,31],"class_list":["post-8316","post","type-post","status-publish","format-standard","has-post-thumbnail","hentry","category-cultura-entretenimiento","category-diario-armstrong","category-locales","category-politica","category-region","tag-acto","tag-bandera","tag-conmemorativo","tag-de","tag-dia","tag-la"],"jetpack_publicize_connections":[],"jetpack_featured_media_url":"https:\/\/armstrongyregion.com.ar\/diario\/wp-content\/uploads\/2016\/06\/Dia-de-la-bandera-.jpg","jetpack_shortlink":"https:\/\/wp.me\/p62QDO-2a8","jetpack_sharing_enabled":true,"amp_enabled":true,"_links":{"self":[{"href":"https:\/\/armstrongyregion.com.ar\/diario\/wp-json\/wp\/v2\/posts\/8316","targetHints":{"allow":["GET"]}}],"collection":[{"href":"https:\/\/armstrongyregion.com.ar\/diario\/wp-json\/wp\/v2\/posts"}],"about":[{"href":"https:\/\/armstrongyregion.com.ar\/diario\/wp-json\/wp\/v2\/types\/post"}],"author":[{"embeddable":true,"href":"https:\/\/armstrongyregion.com.ar\/diario\/wp-json\/wp\/v2\/users\/2"}],"replies":[{"embeddable":true,"href":"https:\/\/armstrongyregion.com.ar\/diario\/wp-json\/wp\/v2\/comments?post=8316"}],"version-history":[{"count":0,"href":"https:\/\/armstrongyregion.com.ar\/diario\/wp-json\/wp\/v2\/posts\/8316\/revisions"}],"wp:featuredmedia":[{"embeddable":true,"href":"https:\/\/armstrongyregion.com.ar\/diario\/wp-json\/wp\/v2\/media\/8317"}],"wp:attachment":[{"href":"https:\/\/armstrongyregion.com.ar\/diario\/wp-json\/wp\/v2\/media?parent=8316"}],"wp:term":[{"taxonomy":"category","embeddable":true,"href":"https:\/\/armstrongyregion.com.ar\/diario\/wp-json\/wp\/v2\/categories?post=8316"},{"taxonomy":"post_tag","embeddable":true,"href":"https:\/\/armstrongyregion.com.ar\/diario\/wp-json\/wp\/v2\/tags?post=8316"}],"curies":[{"name":"wp","href":"https:\/\/api.w.org\/{rel}","templated":true}]}}