{"id":8294,"date":"2016-06-19T14:35:04","date_gmt":"2016-06-19T14:35:04","guid":{"rendered":"https:\/\/armstrongyregion.com.ar\/diario\/?p=8294"},"modified":"2016-06-19T14:35:04","modified_gmt":"2016-06-19T14:35:04","slug":"canada-de-gomez-se-desarrolla-la-xii-edicion-de-la-feria-nacional-de-artesanos","status":"publish","type":"post","link":"https:\/\/armstrongyregion.com.ar\/diario\/canada-de-gomez-se-desarrolla-la-xii-edicion-de-la-feria-nacional-de-artesanos\/","title":{"rendered":"Ca\u00f1ada de G\u00f3mez. Se desarrolla la XII Edicion de la Feria Nacional de Artesanos."},"content":{"rendered":"<p><a href=\"http:\/\/armstrongyregion.com.ar\/diario\/wp-content\/uploads\/2016\/06\/artesanos-ca\u00f1ada.jpg\"><img loading=\"lazy\" decoding=\"async\" src=\"http:\/\/armstrongyregion.com.ar\/diario\/wp-content\/uploads\/2016\/06\/artesanos-ca\u00f1ada.jpg\" alt=\"artesanos-ca\u00f1ada\" width=\"768\" height=\"576\" class=\"alignnone size-full wp-image-8295\" srcset=\"https:\/\/armstrongyregion.com.ar\/diario\/wp-content\/uploads\/2016\/06\/artesanos-ca\u00f1ada.jpg 768w, https:\/\/armstrongyregion.com.ar\/diario\/wp-content\/uploads\/2016\/06\/artesanos-ca\u00f1ada-300x225.jpg 300w\" sizes=\"auto, (max-width: 768px) 100vw, 768px\" \/><\/a>Tiene lugar hasta el lunes en Plaza San Mart\u00edn organizada por la<br \/>\nagrupaci\u00f3n local y la municipalidad.<\/p>\n<p>Durante este fin de semana se desarrolla en Plaza San Mart\u00edn la XII<br \/>\nedici\u00f3n de la Feria Nacional de Artesanos, organizada por la agrupaci\u00f3n<br \/>\nlocal y la municipalidad de Ca\u00f1ada de G\u00f3mez, convocando una vez m\u00e1s a<br \/>\nproductores de diferentes lugares del pa\u00eds.<br \/>\nCon una gran cantidad de stands y las creaciones m\u00e1s variadas, la Feria<br \/>\nestar\u00e1 hasta el pr\u00f3ximo lunes. Una vez m\u00e1s se realiza con el impulso de<br \/>\nartesanos locales y el aporte del municipio en la log\u00edstica y poniendo a<br \/>\ndisposici\u00f3n el SUM del Parque Municipal para quienes concurren de otras<br \/>\nlocalidades.<\/p>\n","protected":false},"excerpt":{"rendered":"<p>Tiene lugar hasta el lunes en Plaza San Mart\u00edn organizada por la agrupaci\u00f3n local y la municipalidad. Durante este fin de semana se desarrolla en Plaza San Mart\u00edn la XII edici\u00f3n de la Feria Nacional de Artesanos, organizada por la agrupaci\u00f3n local y la municipalidad de Ca\u00f1ada de G\u00f3mez, convocando una vez m\u00e1s a productores <a href=\"https:\/\/armstrongyregion.com.ar\/diario\/canada-de-gomez-se-desarrolla-la-xii-edicion-de-la-feria-nacional-de-artesanos\/\" title=\"Read more\" >&#8230;<\/a><\/p>\n","protected":false},"author":2,"featured_media":8295,"comment_status":"open","ping_status":"open","sticky":false,"template":"","format":"standard","meta":{"_jetpack_memberships_contains_paid_content":false,"footnotes":"","jetpack_publicize_message":"","jetpack_publicize_feature_enabled":true,"jetpack_social_post_already_shared":false,"jetpack_social_options":{"image_generator_settings":{"template":"highway","default_image_id":0,"enabled":false},"version":2}},"categories":[6,1,3],"tags":[4081,303,19,15,1725],"class_list":["post-8294","post","type-post","status-publish","format-standard","has-post-thumbnail","hentry","category-cultura-entretenimiento","category-diario-armstrong","category-region","tag-artesanos","tag-correa","tag-de","tag-en","tag-feria"],"jetpack_publicize_connections":[],"jetpack_featured_media_url":"https:\/\/armstrongyregion.com.ar\/diario\/wp-content\/uploads\/2016\/06\/artesanos-ca\u00f1ada.jpg","jetpack_shortlink":"https:\/\/wp.me\/p62QDO-29M","jetpack_sharing_enabled":true,"amp_enabled":true,"_links":{"self":[{"href":"https:\/\/armstrongyregion.com.ar\/diario\/wp-json\/wp\/v2\/posts\/8294","targetHints":{"allow":["GET"]}}],"collection":[{"href":"https:\/\/armstrongyregion.com.ar\/diario\/wp-json\/wp\/v2\/posts"}],"about":[{"href":"https:\/\/armstrongyregion.com.ar\/diario\/wp-json\/wp\/v2\/types\/post"}],"author":[{"embeddable":true,"href":"https:\/\/armstrongyregion.com.ar\/diario\/wp-json\/wp\/v2\/users\/2"}],"replies":[{"embeddable":true,"href":"https:\/\/armstrongyregion.com.ar\/diario\/wp-json\/wp\/v2\/comments?post=8294"}],"version-history":[{"count":0,"href":"https:\/\/armstrongyregion.com.ar\/diario\/wp-json\/wp\/v2\/posts\/8294\/revisions"}],"wp:featuredmedia":[{"embeddable":true,"href":"https:\/\/armstrongyregion.com.ar\/diario\/wp-json\/wp\/v2\/media\/8295"}],"wp:attachment":[{"href":"https:\/\/armstrongyregion.com.ar\/diario\/wp-json\/wp\/v2\/media?parent=8294"}],"wp:term":[{"taxonomy":"category","embeddable":true,"href":"https:\/\/armstrongyregion.com.ar\/diario\/wp-json\/wp\/v2\/categories?post=8294"},{"taxonomy":"post_tag","embeddable":true,"href":"https:\/\/armstrongyregion.com.ar\/diario\/wp-json\/wp\/v2\/tags?post=8294"}],"curies":[{"name":"wp","href":"https:\/\/api.w.org\/{rel}","templated":true}]}}