{"id":8291,"date":"2016-06-17T19:58:45","date_gmt":"2016-06-17T19:58:45","guid":{"rendered":"https:\/\/armstrongyregion.com.ar\/diario\/?p=8291"},"modified":"2016-06-17T19:58:45","modified_gmt":"2016-06-17T19:58:45","slug":"compagnucci-participo-de-la-presentacion-del-programa-becas-de-la-reforma","status":"publish","type":"post","link":"https:\/\/armstrongyregion.com.ar\/diario\/compagnucci-participo-de-la-presentacion-del-programa-becas-de-la-reforma\/","title":{"rendered":"Compagnucci particip\u00f3 de la presentacion del programa \u201cBecas de la Reforma\u201d."},"content":{"rendered":"<p><a href=\"http:\/\/armstrongyregion.com.ar\/diario\/wp-content\/uploads\/2016\/06\/becas-reforma-.jpg\"><img loading=\"lazy\" decoding=\"async\" src=\"http:\/\/armstrongyregion.com.ar\/diario\/wp-content\/uploads\/2016\/06\/becas-reforma-.jpg\" alt=\"becas-reforma-\" width=\"768\" height=\"431\" class=\"alignnone size-full wp-image-8292\" srcset=\"https:\/\/armstrongyregion.com.ar\/diario\/wp-content\/uploads\/2016\/06\/becas-reforma-.jpg 768w, https:\/\/armstrongyregion.com.ar\/diario\/wp-content\/uploads\/2016\/06\/becas-reforma--300x168.jpg 300w\" sizes=\"auto, (max-width: 768px) 100vw, 768px\" \/><\/a>El pasado martes 14 de junio, en la Facultad de Ciencias Econ\u00f3micas de la Universidad Nacional de Rosario,  el Intendente Municipal Sr. Horacio Compagnucci junto al Director de Relaciones Institucionales y a la Prof. Erica Molteni participaron de la presentaci\u00f3n del Programa \u00a8Becas de la Reforma\u00a8<br \/>\nEstaban presentes el gobernador de Santa Fe, Miguel Lifschitz del rector de la Universidad Nacional de Rosario (UNR), H\u00e9ctor Floriani; el secretario de Juventudes, Pablo Lamberto;  el presidente de la Federaci\u00f3n Universitaria de Rosario, Mauricio Mansilla,  la Decana de la Facultad de Ciencias Exactas, Ingenier\u00eda y Agrimensura Ingeniera Civil Mar\u00eda Teresa Garibay.<br \/>\nEstas becas constituyen pol\u00edticas complementarias del Estado Provincial con el fin de promover el acceso y permanencia de las y los j\u00f3venes en las instituciones educativas de nivel terciario y universitario. Consiste en una asignaci\u00f3n est\u00edmulo de car\u00e1cter econ\u00f3mica. El beneficio es entregado mensualmente, en el per\u00edodo de marzo a diciembre del a\u00f1o de la convocatoria.<br \/>\nRequisitos para ser beneficiario\/a<\/p>\n<p>\u00b7         Tener domicilio en la Provincia de Santa Fe.<\/p>\n<p>\u00b7         Asistir a un establecimiento educativo p\u00fablico de la Provincia de Santa Fe.<\/p>\n<p>\u00b7         Que la instituci\u00f3n educativa a la que asista se encuentre dentro de la Provincia de Santa Fe y a m\u00e1s de 40 kil\u00f3metros de distancia de la localidad de procedencia.<\/p>\n<p>\u00b7         Estar dentro de los primeros tres a\u00f1os de la carrera.<\/p>\n<p>\u00b7         Tener hasta veintinueve (29) a\u00f1os de edad.<\/p>\n<p>Asignaci\u00f3n de la beca<\/p>\n<p>El programa de becas de la Reforma cuenta con cuatro etapas:<\/p>\n<p>Inscripci\u00f3n<br \/>\nLa inscripci\u00f3n ser\u00e1 mediante un formulario on-line, tendr\u00e1 car\u00e1cter de declaraci\u00f3n jurada y estar\u00e1 disponible en este sitio web cuando comience la convocatoria.<br \/>\nPreselecci\u00f3n<br \/>\nLa preselecci\u00f3n ser\u00e1 autom\u00e1tica y tendr\u00e1 en cuenta la situaci\u00f3n socioecon\u00f3mica de los aspirantes.<br \/>\nDocumentaci\u00f3n respaldatoria<br \/>\nSi el aspirante fue preseleccionado deber\u00e1 presentar la documentaci\u00f3n respaldatoria de los datos que ingres\u00f3 en el formulario.<br \/>\nAdjudicaci\u00f3n<br \/>\nUna vez cotejados los datos la Secretar\u00eda de Juventudes procede a la adjudicaci\u00f3n del beneficio.<br \/>\nPara anotarte y recibir novedades sobre la apertura del per\u00edodo de convocatoria dirigirse ahttps:\/\/www.santafe.gov.ar\/index.php\/web\/content\/view\/full\/205926\/(subtema)\/93685<\/p>\n","protected":false},"excerpt":{"rendered":"<p>El pasado martes 14 de junio, en la Facultad de Ciencias Econ\u00f3micas de la Universidad Nacional de Rosario, el Intendente Municipal Sr. Horacio Compagnucci junto al Director de Relaciones Institucionales y a la Prof. Erica Molteni participaron de la presentaci\u00f3n del Programa \u00a8Becas de la Reforma\u00a8 Estaban presentes el gobernador de Santa Fe, Miguel Lifschitz <a href=\"https:\/\/armstrongyregion.com.ar\/diario\/compagnucci-participo-de-la-presentacion-del-programa-becas-de-la-reforma\/\" title=\"Read more\" >&#8230;<\/a><\/p>\n","protected":false},"author":2,"featured_media":8292,"comment_status":"open","ping_status":"open","sticky":false,"template":"","format":"standard","meta":{"_jetpack_memberships_contains_paid_content":false,"footnotes":"","jetpack_publicize_message":"","jetpack_publicize_feature_enabled":true,"jetpack_social_post_already_shared":false,"jetpack_social_options":{"image_generator_settings":{"template":"highway","default_image_id":0,"enabled":false},"version":2}},"categories":[6,1,7,3],"tags":[341,942,15,31,992,4079,4080],"class_list":["post-8291","post","type-post","status-publish","format-standard","has-post-thumbnail","hentry","category-cultura-entretenimiento","category-diario-armstrong","category-politica","category-region","tag-becas","tag-compagnucci","tag-en","tag-la","tag-participo","tag-programas","tag-reforma"],"jetpack_publicize_connections":[],"jetpack_featured_media_url":"https:\/\/armstrongyregion.com.ar\/diario\/wp-content\/uploads\/2016\/06\/becas-reforma-.jpg","jetpack_shortlink":"https:\/\/wp.me\/p62QDO-29J","jetpack_sharing_enabled":true,"amp_enabled":true,"_links":{"self":[{"href":"https:\/\/armstrongyregion.com.ar\/diario\/wp-json\/wp\/v2\/posts\/8291","targetHints":{"allow":["GET"]}}],"collection":[{"href":"https:\/\/armstrongyregion.com.ar\/diario\/wp-json\/wp\/v2\/posts"}],"about":[{"href":"https:\/\/armstrongyregion.com.ar\/diario\/wp-json\/wp\/v2\/types\/post"}],"author":[{"embeddable":true,"href":"https:\/\/armstrongyregion.com.ar\/diario\/wp-json\/wp\/v2\/users\/2"}],"replies":[{"embeddable":true,"href":"https:\/\/armstrongyregion.com.ar\/diario\/wp-json\/wp\/v2\/comments?post=8291"}],"version-history":[{"count":0,"href":"https:\/\/armstrongyregion.com.ar\/diario\/wp-json\/wp\/v2\/posts\/8291\/revisions"}],"wp:featuredmedia":[{"embeddable":true,"href":"https:\/\/armstrongyregion.com.ar\/diario\/wp-json\/wp\/v2\/media\/8292"}],"wp:attachment":[{"href":"https:\/\/armstrongyregion.com.ar\/diario\/wp-json\/wp\/v2\/media?parent=8291"}],"wp:term":[{"taxonomy":"category","embeddable":true,"href":"https:\/\/armstrongyregion.com.ar\/diario\/wp-json\/wp\/v2\/categories?post=8291"},{"taxonomy":"post_tag","embeddable":true,"href":"https:\/\/armstrongyregion.com.ar\/diario\/wp-json\/wp\/v2\/tags?post=8291"}],"curies":[{"name":"wp","href":"https:\/\/api.w.org\/{rel}","templated":true}]}}