{"id":8281,"date":"2016-06-16T15:19:15","date_gmt":"2016-06-16T15:19:15","guid":{"rendered":"https:\/\/armstrongyregion.com.ar\/diario\/?p=8281"},"modified":"2016-06-16T15:19:15","modified_gmt":"2016-06-16T15:19:15","slug":"el-crio-juan-carlos-suarez-dejo-la-jefatura-de-la-uriii","status":"publish","type":"post","link":"https:\/\/armstrongyregion.com.ar\/diario\/el-crio-juan-carlos-suarez-dejo-la-jefatura-de-la-uriii\/","title":{"rendered":"El Crio. Juan Carlos Suarez dej\u00f3 la jefatura de la URIII."},"content":{"rendered":"<p><a href=\"http:\/\/armstrongyregion.com.ar\/diario\/wp-content\/uploads\/2016\/06\/JUAN-CARLOS-SUAREZ.jpg\"><img loading=\"lazy\" decoding=\"async\" src=\"http:\/\/armstrongyregion.com.ar\/diario\/wp-content\/uploads\/2016\/06\/JUAN-CARLOS-SUAREZ.jpg\" alt=\"JUAN-CARLOS-SUAREZ\" width=\"768\" height=\"433\" class=\"alignnone size-full wp-image-8282\" srcset=\"https:\/\/armstrongyregion.com.ar\/diario\/wp-content\/uploads\/2016\/06\/JUAN-CARLOS-SUAREZ.jpg 768w, https:\/\/armstrongyregion.com.ar\/diario\/wp-content\/uploads\/2016\/06\/JUAN-CARLOS-SUAREZ-300x169.jpg 300w\" sizes=\"auto, (max-width: 768px) 100vw, 768px\" \/><\/a>En el d\u00eda de ayer, el Crio. Inspector Juan Carlos Su\u00e1rez, quien se ven\u00eda desempe\u00f1ando como Jefe de la URIII del Departamento Belgrano, recibi\u00f3 el pase a retiro. En su lugar y al aguardo de que la superioridad provincial, confirme a la nueva autoridad m\u00e1xima del departamento, se encuentra el Crio Malisia, que hasta ayer el Sub- jefe.<\/p>\n<p>Tras 30 de a\u00f1os de servicio en la fuerza de seguridad provincial, el Crio Su\u00e1rez se despidi\u00f3 de sus subordinados y m\u00e1s que nada, compa\u00f1eros de trabajo, de una manera muy emotiva. Les dej\u00f3 consejos, impuls\u00e1ndolos a seguir en el camino del buen y mejor desarrollo de su profesi\u00f3n. Los oficiales y agentes de la Jefatura Departamental y comisar\u00eda local, tambi\u00e9n se sintieron conmovidos por esta decisi\u00f3n, que si bien era esperable por los a\u00f1os de servicio cumplidos, no se esperaba que fuera en estos d\u00edas.<\/p>\n<p>Para la semana pr\u00f3xima, se esperan novedades desde la Polic\u00eda de Santa Fe para conocer quien ser\u00e1 el Jefe Departamental en esta nueva etapa.<br \/>\nInfo4Web-<\/p>\n","protected":false},"excerpt":{"rendered":"<p>En el d\u00eda de ayer, el Crio. Inspector Juan Carlos Su\u00e1rez, quien se ven\u00eda desempe\u00f1ando como Jefe de la URIII del Departamento Belgrano, recibi\u00f3 el pase a retiro. En su lugar y al aguardo de que la superioridad provincial, confirme a la nueva autoridad m\u00e1xima del departamento, se encuentra el Crio Malisia, que hasta ayer <a href=\"https:\/\/armstrongyregion.com.ar\/diario\/el-crio-juan-carlos-suarez-dejo-la-jefatura-de-la-uriii\/\" title=\"Read more\" >&#8230;<\/a><\/p>\n","protected":false},"author":2,"featured_media":8282,"comment_status":"open","ping_status":"open","sticky":false,"template":"","format":"standard","meta":{"_jetpack_memberships_contains_paid_content":false,"footnotes":"","jetpack_publicize_message":"","jetpack_publicize_feature_enabled":true,"jetpack_social_post_already_shared":false,"jetpack_social_options":{"image_generator_settings":{"template":"highway","default_image_id":0,"enabled":false},"version":2}},"categories":[1,2,2852,3],"tags":[],"class_list":["post-8281","post","type-post","status-publish","format-standard","has-post-thumbnail","hentry","category-diario-armstrong","category-locales","category-policiales","category-region"],"jetpack_publicize_connections":[],"jetpack_featured_media_url":"https:\/\/armstrongyregion.com.ar\/diario\/wp-content\/uploads\/2016\/06\/JUAN-CARLOS-SUAREZ.jpg","jetpack_shortlink":"https:\/\/wp.me\/p62QDO-29z","jetpack_sharing_enabled":true,"amp_enabled":true,"_links":{"self":[{"href":"https:\/\/armstrongyregion.com.ar\/diario\/wp-json\/wp\/v2\/posts\/8281","targetHints":{"allow":["GET"]}}],"collection":[{"href":"https:\/\/armstrongyregion.com.ar\/diario\/wp-json\/wp\/v2\/posts"}],"about":[{"href":"https:\/\/armstrongyregion.com.ar\/diario\/wp-json\/wp\/v2\/types\/post"}],"author":[{"embeddable":true,"href":"https:\/\/armstrongyregion.com.ar\/diario\/wp-json\/wp\/v2\/users\/2"}],"replies":[{"embeddable":true,"href":"https:\/\/armstrongyregion.com.ar\/diario\/wp-json\/wp\/v2\/comments?post=8281"}],"version-history":[{"count":0,"href":"https:\/\/armstrongyregion.com.ar\/diario\/wp-json\/wp\/v2\/posts\/8281\/revisions"}],"wp:featuredmedia":[{"embeddable":true,"href":"https:\/\/armstrongyregion.com.ar\/diario\/wp-json\/wp\/v2\/media\/8282"}],"wp:attachment":[{"href":"https:\/\/armstrongyregion.com.ar\/diario\/wp-json\/wp\/v2\/media?parent=8281"}],"wp:term":[{"taxonomy":"category","embeddable":true,"href":"https:\/\/armstrongyregion.com.ar\/diario\/wp-json\/wp\/v2\/categories?post=8281"},{"taxonomy":"post_tag","embeddable":true,"href":"https:\/\/armstrongyregion.com.ar\/diario\/wp-json\/wp\/v2\/tags?post=8281"}],"curies":[{"name":"wp","href":"https:\/\/api.w.org\/{rel}","templated":true}]}}