{"id":8272,"date":"2016-06-16T14:12:19","date_gmt":"2016-06-16T14:12:19","guid":{"rendered":"https:\/\/armstrongyregion.com.ar\/diario\/?p=8272"},"modified":"2016-06-16T14:12:19","modified_gmt":"2016-06-16T14:12:19","slug":"canada-de-gomez-18-denuncias-en-el-buzon-de-la-vida-2","status":"publish","type":"post","link":"https:\/\/armstrongyregion.com.ar\/diario\/canada-de-gomez-18-denuncias-en-el-buzon-de-la-vida-2\/","title":{"rendered":"Ca\u00f1ada de G\u00f3mez. 18 denuncias en el Buz\u00f3n de la Vida."},"content":{"rendered":"<p><a href=\"http:\/\/armstrongyregion.com.ar\/diario\/wp-content\/uploads\/2016\/06\/buzon.jpg\"><img loading=\"lazy\" decoding=\"async\" src=\"http:\/\/armstrongyregion.com.ar\/diario\/wp-content\/uploads\/2016\/06\/buzon.jpg\" alt=\"buzon\" width=\"768\" height=\"512\" class=\"alignnone size-full wp-image-8273\" srcset=\"https:\/\/armstrongyregion.com.ar\/diario\/wp-content\/uploads\/2016\/06\/buzon.jpg 768w, https:\/\/armstrongyregion.com.ar\/diario\/wp-content\/uploads\/2016\/06\/buzon-300x200.jpg 300w\" sizes=\"auto, (max-width: 768px) 100vw, 768px\" \/><\/a>El coordinador de Seguridad Lu\u00eds Leiva, junto a representantes de<br \/>\nvecinales e instituciones, realiz\u00f3 una nueva apertura de esta<br \/>\nherramienta ubicada en el Cuartel del Bomberos Voluntarios.<\/p>\n<p>En la ma\u00f1ana de hoy se realiz\u00f3 una nueva apertura del Buz\u00f3n de la Vida<br \/>\nen las instalaciones del Cuartel de Bomberos. El acto fue encabezado por<br \/>\nel coordinador de Seguridad Ciudadana Lu\u00eds Leiva.<br \/>\nAnte la participaci\u00f3n de representantes de instituciones y vecinales se<br \/>\nencontraron 18 denuncias que ser\u00e1n remitidas a la Justicia Federal.<br \/>\nLeiva destac\u00f3 el acompa\u00f1amiento y compromiso de cada una de los actores<br \/>\nque llevan las llaves en custodia y resalt\u00f3 las \u00faltimas reuniones<br \/>\nmantenidas con vecinalistas y autoridades de la Unidad Regional X de<br \/>\npolic\u00eda, para trabajar de manera conjunta reforzando la prevenci\u00f3n en<br \/>\nlos barrios.<br \/>\n\u00abA la participaci\u00f3n ciudadana a trav\u00e9s del buz\u00f3n de la vida, le sumamos<br \/>\nel trabajo con las distintas vecinales para reforzar la prevenci\u00f3n en<br \/>\nseguridad en cada barrio de la ciudad\u00bb, manifest\u00f3.<\/p>\n","protected":false},"excerpt":{"rendered":"<p>El coordinador de Seguridad Lu\u00eds Leiva, junto a representantes de vecinales e instituciones, realiz\u00f3 una nueva apertura de esta herramienta ubicada en el Cuartel del Bomberos Voluntarios. En la ma\u00f1ana de hoy se realiz\u00f3 una nueva apertura del Buz\u00f3n de la Vida en las instalaciones del Cuartel de Bomberos. El acto fue encabezado por el <a href=\"https:\/\/armstrongyregion.com.ar\/diario\/canada-de-gomez-18-denuncias-en-el-buzon-de-la-vida-2\/\" title=\"Read more\" >&#8230;<\/a><\/p>\n","protected":false},"author":2,"featured_media":8273,"comment_status":"open","ping_status":"open","sticky":false,"template":"","format":"standard","meta":{"_jetpack_memberships_contains_paid_content":false,"footnotes":"","jetpack_publicize_message":"","jetpack_publicize_feature_enabled":true,"jetpack_social_post_already_shared":false,"jetpack_social_options":{"image_generator_settings":{"template":"highway","default_image_id":0,"enabled":false},"version":2}},"categories":[1,2,4],"tags":[455,19,31,456],"class_list":["post-8272","post","type-post","status-publish","format-standard","has-post-thumbnail","hentry","category-diario-armstrong","category-locales","category-prevencion-salud","tag-buzon","tag-de","tag-la","tag-vida"],"jetpack_publicize_connections":[],"jetpack_featured_media_url":"https:\/\/armstrongyregion.com.ar\/diario\/wp-content\/uploads\/2016\/06\/buzon.jpg","jetpack_shortlink":"https:\/\/wp.me\/p62QDO-29q","jetpack_sharing_enabled":true,"amp_enabled":true,"_links":{"self":[{"href":"https:\/\/armstrongyregion.com.ar\/diario\/wp-json\/wp\/v2\/posts\/8272","targetHints":{"allow":["GET"]}}],"collection":[{"href":"https:\/\/armstrongyregion.com.ar\/diario\/wp-json\/wp\/v2\/posts"}],"about":[{"href":"https:\/\/armstrongyregion.com.ar\/diario\/wp-json\/wp\/v2\/types\/post"}],"author":[{"embeddable":true,"href":"https:\/\/armstrongyregion.com.ar\/diario\/wp-json\/wp\/v2\/users\/2"}],"replies":[{"embeddable":true,"href":"https:\/\/armstrongyregion.com.ar\/diario\/wp-json\/wp\/v2\/comments?post=8272"}],"version-history":[{"count":0,"href":"https:\/\/armstrongyregion.com.ar\/diario\/wp-json\/wp\/v2\/posts\/8272\/revisions"}],"wp:featuredmedia":[{"embeddable":true,"href":"https:\/\/armstrongyregion.com.ar\/diario\/wp-json\/wp\/v2\/media\/8273"}],"wp:attachment":[{"href":"https:\/\/armstrongyregion.com.ar\/diario\/wp-json\/wp\/v2\/media?parent=8272"}],"wp:term":[{"taxonomy":"category","embeddable":true,"href":"https:\/\/armstrongyregion.com.ar\/diario\/wp-json\/wp\/v2\/categories?post=8272"},{"taxonomy":"post_tag","embeddable":true,"href":"https:\/\/armstrongyregion.com.ar\/diario\/wp-json\/wp\/v2\/tags?post=8272"}],"curies":[{"name":"wp","href":"https:\/\/api.w.org\/{rel}","templated":true}]}}