{"id":8249,"date":"2016-06-15T12:41:49","date_gmt":"2016-06-15T12:41:49","guid":{"rendered":"https:\/\/armstrongyregion.com.ar\/diario\/?p=8249"},"modified":"2016-06-15T12:41:49","modified_gmt":"2016-06-15T12:41:49","slug":"recoleccion-de-residuos-durante-el-fin-de-semana-largo-de-junio","status":"publish","type":"post","link":"https:\/\/armstrongyregion.com.ar\/diario\/recoleccion-de-residuos-durante-el-fin-de-semana-largo-de-junio\/","title":{"rendered":"Recolecci\u00f3n de residuos durante el fin de semana largo de junio"},"content":{"rendered":"<p><a href=\"http:\/\/armstrongyregion.com.ar\/diario\/wp-content\/uploads\/2016\/06\/compactadorseptiembre.jpg\"><img loading=\"lazy\" decoding=\"async\" src=\"http:\/\/armstrongyregion.com.ar\/diario\/wp-content\/uploads\/2016\/06\/compactadorseptiembre.jpg\" alt=\"compactadorseptiembre\" width=\"960\" height=\"540\" class=\"alignnone size-full wp-image-8251\" srcset=\"https:\/\/armstrongyregion.com.ar\/diario\/wp-content\/uploads\/2016\/06\/compactadorseptiembre.jpg 960w, https:\/\/armstrongyregion.com.ar\/diario\/wp-content\/uploads\/2016\/06\/compactadorseptiembre-300x169.jpg 300w\" sizes=\"auto, (max-width: 960px) 100vw, 960px\" \/><\/a>La  Municipalidad de Armstrong a trav\u00e9s de la Secretar\u00eda de Obras y Servicios P\u00fablicos informa que debido al fin de semana largo de junio en homenaje a nuestro h\u00e9roe gaucho Mart\u00edn Miguel de G\u00fcemes y D\u00eda de la Bandera, la recolecci\u00f3n de residuos se realizar\u00e1 los d\u00edas viernes 17 y martes 21, en los horarios habituales. <\/p>\n","protected":false},"excerpt":{"rendered":"<p>La Municipalidad de Armstrong a trav\u00e9s de la Secretar\u00eda de Obras y Servicios P\u00fablicos informa que debido al fin de semana largo de junio en homenaje a nuestro h\u00e9roe gaucho Mart\u00edn Miguel de G\u00fcemes y D\u00eda de la Bandera, la recolecci\u00f3n de residuos se realizar\u00e1 los d\u00edas viernes 17 y martes 21, en los horarios <a href=\"https:\/\/armstrongyregion.com.ar\/diario\/recoleccion-de-residuos-durante-el-fin-de-semana-largo-de-junio\/\" title=\"Read more\" >&#8230;<\/a><\/p>\n","protected":false},"author":2,"featured_media":8251,"comment_status":"open","ping_status":"open","sticky":false,"template":"","format":"standard","meta":{"_jetpack_memberships_contains_paid_content":false,"footnotes":"","jetpack_publicize_message":"","jetpack_publicize_feature_enabled":true,"jetpack_social_post_already_shared":false,"jetpack_social_options":{"image_generator_settings":{"template":"highway","default_image_id":0,"enabled":false},"version":2}},"categories":[1,2,3],"tags":[19,730,731],"class_list":["post-8249","post","type-post","status-publish","format-standard","has-post-thumbnail","hentry","category-diario-armstrong","category-locales","category-region","tag-de","tag-recoleccion","tag-residuos"],"jetpack_publicize_connections":[],"jetpack_featured_media_url":"https:\/\/armstrongyregion.com.ar\/diario\/wp-content\/uploads\/2016\/06\/compactadorseptiembre.jpg","jetpack_shortlink":"https:\/\/wp.me\/p62QDO-293","jetpack_sharing_enabled":true,"amp_enabled":true,"_links":{"self":[{"href":"https:\/\/armstrongyregion.com.ar\/diario\/wp-json\/wp\/v2\/posts\/8249","targetHints":{"allow":["GET"]}}],"collection":[{"href":"https:\/\/armstrongyregion.com.ar\/diario\/wp-json\/wp\/v2\/posts"}],"about":[{"href":"https:\/\/armstrongyregion.com.ar\/diario\/wp-json\/wp\/v2\/types\/post"}],"author":[{"embeddable":true,"href":"https:\/\/armstrongyregion.com.ar\/diario\/wp-json\/wp\/v2\/users\/2"}],"replies":[{"embeddable":true,"href":"https:\/\/armstrongyregion.com.ar\/diario\/wp-json\/wp\/v2\/comments?post=8249"}],"version-history":[{"count":0,"href":"https:\/\/armstrongyregion.com.ar\/diario\/wp-json\/wp\/v2\/posts\/8249\/revisions"}],"wp:featuredmedia":[{"embeddable":true,"href":"https:\/\/armstrongyregion.com.ar\/diario\/wp-json\/wp\/v2\/media\/8251"}],"wp:attachment":[{"href":"https:\/\/armstrongyregion.com.ar\/diario\/wp-json\/wp\/v2\/media?parent=8249"}],"wp:term":[{"taxonomy":"category","embeddable":true,"href":"https:\/\/armstrongyregion.com.ar\/diario\/wp-json\/wp\/v2\/categories?post=8249"},{"taxonomy":"post_tag","embeddable":true,"href":"https:\/\/armstrongyregion.com.ar\/diario\/wp-json\/wp\/v2\/tags?post=8249"}],"curies":[{"name":"wp","href":"https:\/\/api.w.org\/{rel}","templated":true}]}}