{"id":824,"date":"2015-02-12T04:08:38","date_gmt":"2015-02-12T04:08:38","guid":{"rendered":"https:\/\/armstrongyregion.com.ar\/diario\/?p=824"},"modified":"2015-02-12T04:08:38","modified_gmt":"2015-02-12T04:08:38","slug":"verdecchia-presento-una-nueva-pala-adquirida-con-el-fondo-de-obras-menores","status":"publish","type":"post","link":"https:\/\/armstrongyregion.com.ar\/diario\/verdecchia-presento-una-nueva-pala-adquirida-con-el-fondo-de-obras-menores\/","title":{"rendered":"Verdecchia present\u00f3 una nueva pala adquirida con el fondo de obras menores."},"content":{"rendered":"<p><a href=\"http:\/\/armstrongyregion.com.ar\/diario\/wp-content\/uploads\/2015\/02\/10403331_10206113438385187_2018360163424236266_n.jpg\"><img loading=\"lazy\" decoding=\"async\" class=\"alignnone size-medium wp-image-825\" src=\"http:\/\/armstrongyregion.com.ar\/diario\/wp-content\/uploads\/2015\/02\/10403331_10206113438385187_2018360163424236266_n-300x224.jpg\" alt=\"Verdecchia.\" width=\"300\" height=\"224\" srcset=\"https:\/\/armstrongyregion.com.ar\/diario\/wp-content\/uploads\/2015\/02\/10403331_10206113438385187_2018360163424236266_n-300x224.jpg 300w, https:\/\/armstrongyregion.com.ar\/diario\/wp-content\/uploads\/2015\/02\/10403331_10206113438385187_2018360163424236266_n.jpg 667w\" sizes=\"auto, (max-width: 300px) 100vw, 300px\" \/><\/a>En la ma\u00f1ana de ayer mi\u00e9rcoles 11 de febrero, el intendente de Armstrong, Dr. Pablo Verdecchia junto al Pte. Del Concejo Adri\u00e1n Marozzi y la concejal Daniela Perez, presentaron una nueva adquisici\u00f3n para el parque automotor, en este caso una pala que desde hace algunos meses estaba necesitando con premura el municipio para realizar diversos trabajos, entre ellos mantenimiento de desag\u00fces pluviales.<br \/>\nEsta maquinaria fue adquirida por el fondo de obras menores aprobado por el Concejo Municipal.<br \/>\nVerdecchia expres\u00f3 que va a seguir sumando acciones para el beneficio de los habitantes de Armstrong y anunci\u00f3 que en pocas semanas estar\u00e1n llegando dos herramientas m\u00e1s.<\/p>\n","protected":false},"excerpt":{"rendered":"<p>En la ma\u00f1ana de ayer mi\u00e9rcoles 11 de febrero, el intendente de Armstrong, Dr. Pablo Verdecchia junto al Pte. Del Concejo Adri\u00e1n Marozzi y la concejal Daniela Perez, presentaron una nueva adquisici\u00f3n para el parque automotor, en este caso una pala que desde hace algunos meses estaba necesitando con premura el municipio para realizar diversos <a href=\"https:\/\/armstrongyregion.com.ar\/diario\/verdecchia-presento-una-nueva-pala-adquirida-con-el-fondo-de-obras-menores\/\" title=\"Read more\" >&#8230;<\/a><\/p>\n","protected":false},"author":2,"featured_media":825,"comment_status":"open","ping_status":"open","sticky":false,"template":"","format":"standard","meta":{"_jetpack_memberships_contains_paid_content":false,"footnotes":"","jetpack_publicize_message":"","jetpack_publicize_feature_enabled":true,"jetpack_social_post_already_shared":false,"jetpack_social_options":{"image_generator_settings":{"template":"highway","default_image_id":0,"enabled":false},"version":2}},"categories":[1,2],"tags":[814,100,19,16,499,295,275,220,813,25,103,205],"class_list":["post-824","post","type-post","status-publish","format-standard","has-post-thumbnail","hentry","category-diario-armstrong","category-locales","tag-adquirida","tag-con","tag-de","tag-el","tag-fondo","tag-menores","tag-nueva","tag-obras","tag-pala","tag-presento","tag-una","tag-verdecchia"],"jetpack_publicize_connections":[],"jetpack_featured_media_url":"https:\/\/armstrongyregion.com.ar\/diario\/wp-content\/uploads\/2015\/02\/10403331_10206113438385187_2018360163424236266_n.jpg","jetpack_shortlink":"https:\/\/wp.me\/p62QDO-di","jetpack_sharing_enabled":true,"amp_enabled":true,"_links":{"self":[{"href":"https:\/\/armstrongyregion.com.ar\/diario\/wp-json\/wp\/v2\/posts\/824","targetHints":{"allow":["GET"]}}],"collection":[{"href":"https:\/\/armstrongyregion.com.ar\/diario\/wp-json\/wp\/v2\/posts"}],"about":[{"href":"https:\/\/armstrongyregion.com.ar\/diario\/wp-json\/wp\/v2\/types\/post"}],"author":[{"embeddable":true,"href":"https:\/\/armstrongyregion.com.ar\/diario\/wp-json\/wp\/v2\/users\/2"}],"replies":[{"embeddable":true,"href":"https:\/\/armstrongyregion.com.ar\/diario\/wp-json\/wp\/v2\/comments?post=824"}],"version-history":[{"count":0,"href":"https:\/\/armstrongyregion.com.ar\/diario\/wp-json\/wp\/v2\/posts\/824\/revisions"}],"wp:featuredmedia":[{"embeddable":true,"href":"https:\/\/armstrongyregion.com.ar\/diario\/wp-json\/wp\/v2\/media\/825"}],"wp:attachment":[{"href":"https:\/\/armstrongyregion.com.ar\/diario\/wp-json\/wp\/v2\/media?parent=824"}],"wp:term":[{"taxonomy":"category","embeddable":true,"href":"https:\/\/armstrongyregion.com.ar\/diario\/wp-json\/wp\/v2\/categories?post=824"},{"taxonomy":"post_tag","embeddable":true,"href":"https:\/\/armstrongyregion.com.ar\/diario\/wp-json\/wp\/v2\/tags?post=824"}],"curies":[{"name":"wp","href":"https:\/\/api.w.org\/{rel}","templated":true}]}}