{"id":8239,"date":"2016-06-14T14:00:28","date_gmt":"2016-06-14T14:00:28","guid":{"rendered":"https:\/\/armstrongyregion.com.ar\/diario\/?p=8239"},"modified":"2016-06-14T14:00:28","modified_gmt":"2016-06-14T14:00:28","slug":"deliberando-hoypolitica-canadense-y-provincial","status":"publish","type":"post","link":"https:\/\/armstrongyregion.com.ar\/diario\/deliberando-hoypolitica-canadense-y-provincial\/","title":{"rendered":"Deliberando: Hoy\u2026Pol\u00edtica Ca\u00f1adense y Provincial."},"content":{"rendered":"<p><a href=\"http:\/\/armstrongyregion.com.ar\/diario\/wp-content\/uploads\/2016\/06\/DSC_0593.jpg\"><img loading=\"lazy\" decoding=\"async\" src=\"http:\/\/armstrongyregion.com.ar\/diario\/wp-content\/uploads\/2016\/06\/DSC_0593-1024x683.jpg\" alt=\"fernando-mauroni-\" width=\"800\" height=\"534\" class=\"alignnone size-large wp-image-8240\" srcset=\"https:\/\/armstrongyregion.com.ar\/diario\/wp-content\/uploads\/2016\/06\/DSC_0593-1024x683.jpg 1024w, https:\/\/armstrongyregion.com.ar\/diario\/wp-content\/uploads\/2016\/06\/DSC_0593-300x200.jpg 300w\" sizes=\"auto, (max-width: 800px) 100vw, 800px\" \/><\/a>En la noche de hoy, el concejal Fernando Mauroni del Frente Progresista C\u00edvico y Social de Ca\u00f1ada de G\u00f3mez, nos dar\u00e1 su punto de vista sobre tem\u00e1ticas tratadas en el recinto, tasa municipal, seguridad, tarifas a nivel nacional, etc.<br \/>\nTambi\u00e9n la Diputada Claudia Giaccone, participara de este programa, su compromiso con el ente de cultura provincial, proyectos sobre tarifazo, acompa\u00f1amiento a Amsafe por el tema de haberes a jubilados y proyectos a concretar durante este 2016.<br \/>\nTodo esto, este martes en DELIBERANDO con la conducci\u00f3n de la licenciada Graciela de la Casa y Oscar Crispino.<br \/>\nCABLEIMAGENARMSTRONG. MARTES 21hs- REITERACION: MIERCOLES 13,30hs y DOMINGOS 13,30hs<\/p>\n","protected":false},"excerpt":{"rendered":"<p>En la noche de hoy, el concejal Fernando Mauroni del Frente Progresista C\u00edvico y Social de Ca\u00f1ada de G\u00f3mez, nos dar\u00e1 su punto de vista sobre tem\u00e1ticas tratadas en el recinto, tasa municipal, seguridad, tarifas a nivel nacional, etc. Tambi\u00e9n la Diputada Claudia Giaccone, participara de este programa, su compromiso con el ente de cultura <a href=\"https:\/\/armstrongyregion.com.ar\/diario\/deliberando-hoypolitica-canadense-y-provincial\/\" title=\"Read more\" >&#8230;<\/a><\/p>\n","protected":false},"author":2,"featured_media":8240,"comment_status":"open","ping_status":"open","sticky":false,"template":"","format":"standard","meta":{"_jetpack_memberships_contains_paid_content":false,"footnotes":"","jetpack_publicize_message":"","jetpack_publicize_feature_enabled":true,"jetpack_social_post_already_shared":false,"jetpack_social_options":{"image_generator_settings":{"template":"highway","default_image_id":0,"enabled":false},"version":2}},"categories":[8,1,2,7,3],"tags":[269,44,839,1491,928,13],"class_list":["post-8239","post","type-post","status-publish","format-standard","has-post-thumbnail","hentry","category-deliberando","category-diario-armstrong","category-locales","category-politica","category-region","tag-canadense","tag-deliberando-2","tag-hoy","tag-politica-2","tag-provincial","tag-y"],"jetpack_publicize_connections":[],"jetpack_featured_media_url":"https:\/\/armstrongyregion.com.ar\/diario\/wp-content\/uploads\/2016\/06\/DSC_0593.jpg","jetpack_shortlink":"https:\/\/wp.me\/p62QDO-28T","jetpack_sharing_enabled":true,"amp_enabled":true,"_links":{"self":[{"href":"https:\/\/armstrongyregion.com.ar\/diario\/wp-json\/wp\/v2\/posts\/8239","targetHints":{"allow":["GET"]}}],"collection":[{"href":"https:\/\/armstrongyregion.com.ar\/diario\/wp-json\/wp\/v2\/posts"}],"about":[{"href":"https:\/\/armstrongyregion.com.ar\/diario\/wp-json\/wp\/v2\/types\/post"}],"author":[{"embeddable":true,"href":"https:\/\/armstrongyregion.com.ar\/diario\/wp-json\/wp\/v2\/users\/2"}],"replies":[{"embeddable":true,"href":"https:\/\/armstrongyregion.com.ar\/diario\/wp-json\/wp\/v2\/comments?post=8239"}],"version-history":[{"count":0,"href":"https:\/\/armstrongyregion.com.ar\/diario\/wp-json\/wp\/v2\/posts\/8239\/revisions"}],"wp:featuredmedia":[{"embeddable":true,"href":"https:\/\/armstrongyregion.com.ar\/diario\/wp-json\/wp\/v2\/media\/8240"}],"wp:attachment":[{"href":"https:\/\/armstrongyregion.com.ar\/diario\/wp-json\/wp\/v2\/media?parent=8239"}],"wp:term":[{"taxonomy":"category","embeddable":true,"href":"https:\/\/armstrongyregion.com.ar\/diario\/wp-json\/wp\/v2\/categories?post=8239"},{"taxonomy":"post_tag","embeddable":true,"href":"https:\/\/armstrongyregion.com.ar\/diario\/wp-json\/wp\/v2\/tags?post=8239"}],"curies":[{"name":"wp","href":"https:\/\/api.w.org\/{rel}","templated":true}]}}