{"id":8236,"date":"2016-06-14T13:44:01","date_gmt":"2016-06-14T13:44:01","guid":{"rendered":"https:\/\/armstrongyregion.com.ar\/diario\/?p=8236"},"modified":"2016-06-14T13:44:01","modified_gmt":"2016-06-14T13:44:01","slug":"el-proyecto-crecer-juntos-ya-es-una-realidad","status":"publish","type":"post","link":"https:\/\/armstrongyregion.com.ar\/diario\/el-proyecto-crecer-juntos-ya-es-una-realidad\/","title":{"rendered":"El proyecto \u201cCrecer Juntos\u201d ya es una realidad."},"content":{"rendered":"<p><a href=\"http:\/\/armstrongyregion.com.ar\/diario\/wp-content\/uploads\/2016\/06\/arbolitos-.jpg\"><img loading=\"lazy\" decoding=\"async\" src=\"http:\/\/armstrongyregion.com.ar\/diario\/wp-content\/uploads\/2016\/06\/arbolitos-.jpg\" alt=\"arbolitos-\" width=\"960\" height=\"540\" class=\"alignnone size-full wp-image-8237\" srcset=\"https:\/\/armstrongyregion.com.ar\/diario\/wp-content\/uploads\/2016\/06\/arbolitos-.jpg 960w, https:\/\/armstrongyregion.com.ar\/diario\/wp-content\/uploads\/2016\/06\/arbolitos--300x169.jpg 300w\" sizes=\"auto, (max-width: 960px) 100vw, 960px\" \/><\/a>El  d\u00eda domingo 12 de junio se realiz\u00f3 el acto para la continuidad del proyecto \u201cCrecer Juntos\u201d en un espacio recuperado y biorremediado. Se trata del Circuito Saludable implementado desde el a\u00f1o 2015, ubicado en la intersecci\u00f3n del camino norte paralelo a las v\u00edas y la Ruta 15.<br \/>\nAll\u00ed se dieron cita autoridades, representantes de establecimientos educativos y los ni\u00f1os y ni\u00f1as que son los padrinos de los \u00e1rboles junto a sus familias para avanzar en este proyecto aprobado por el Concejo Municipal seg\u00fan Ordenanza N\u00ba 1367.<br \/>\nDesde ahora este parque lleva el nombre \u201cDr.  Ren\u00e9 Favaloro\u201d, de acuerdo a la Ordenanza N\u00ba 1339 del Concejo Municipal donde se destaca la persona de este prestigioso m\u00e9dico argentino, eminencia que revolucion\u00f3 el campo de la cirug\u00eda cardiovascular con sus descubrimientos que alcanzaron prestigio internacional, contribuy\u00f3 a curar los males que aquejan a nuestra sociedad en su conjunto como la desocupaci\u00f3n, la pobreza, la desigualdad, entre otro, manteniendo la humildad hasta en su \u00faltimo momento.<br \/>\nDe manera simb\u00f3lica se plantaron 3 \u00e1rboles mientras que 27 ya estaban plantados, totalizando  30 unidades entre ejemplares de liquid\u00e1mbar y aguaribay, y donde cada uno de ellos est\u00e1 acompa\u00f1ado por una placa donde figura el nombre de cada ni\u00f1o y su fecha de nacimiento.<\/p>\n<p>En su discurso, el Sr. Intendente Dr. Pablo Verdecchia resalt\u00f3 la figura del Dr. Favaloro, y explic\u00f3 que esta es la primera etapa de plantaci\u00f3n ya que cada d\u00eda hay m\u00e1s familias que se suman a la propuesta e inform\u00f3 que son 80 los ni\u00f1os inscriptos hasta el momento+, y agradeci\u00f3 a todos por participar.<\/p>\n<p>Si bien la Ordenanza manifiesta que el cuidado de los \u00e1rboles quedar\u00e1 a cargo del municipio, es responsabilidad de todos los armstronenses cuidar todos  los espacios p\u00fablicos ya que son parte del patrimonio de todos.   <\/p>\n","protected":false},"excerpt":{"rendered":"<p>El d\u00eda domingo 12 de junio se realiz\u00f3 el acto para la continuidad del proyecto \u201cCrecer Juntos\u201d en un espacio recuperado y biorremediado. Se trata del Circuito Saludable implementado desde el a\u00f1o 2015, ubicado en la intersecci\u00f3n del camino norte paralelo a las v\u00edas y la Ruta 15. All\u00ed se dieron cita autoridades, representantes de <a href=\"https:\/\/armstrongyregion.com.ar\/diario\/el-proyecto-crecer-juntos-ya-es-una-realidad\/\" title=\"Read more\" >&#8230;<\/a><\/p>\n","protected":false},"author":2,"featured_media":8237,"comment_status":"open","ping_status":"open","sticky":false,"template":"","format":"standard","meta":{"_jetpack_memberships_contains_paid_content":false,"footnotes":"","jetpack_publicize_message":"","jetpack_publicize_feature_enabled":true,"jetpack_social_post_already_shared":false,"jetpack_social_options":{"image_generator_settings":{"template":"highway","default_image_id":0,"enabled":false},"version":2}},"categories":[1,2,3],"tags":[1086,3579,139,639,2265,103,173],"class_list":["post-8236","post","type-post","status-publish","format-standard","has-post-thumbnail","hentry","category-diario-armstrong","category-locales","category-region","tag-juntos","tag-crecer","tag-es","tag-proyecto","tag-realidad","tag-una","tag-ya"],"jetpack_publicize_connections":[],"jetpack_featured_media_url":"https:\/\/armstrongyregion.com.ar\/diario\/wp-content\/uploads\/2016\/06\/arbolitos-.jpg","jetpack_shortlink":"https:\/\/wp.me\/p62QDO-28Q","jetpack_sharing_enabled":true,"amp_enabled":true,"_links":{"self":[{"href":"https:\/\/armstrongyregion.com.ar\/diario\/wp-json\/wp\/v2\/posts\/8236","targetHints":{"allow":["GET"]}}],"collection":[{"href":"https:\/\/armstrongyregion.com.ar\/diario\/wp-json\/wp\/v2\/posts"}],"about":[{"href":"https:\/\/armstrongyregion.com.ar\/diario\/wp-json\/wp\/v2\/types\/post"}],"author":[{"embeddable":true,"href":"https:\/\/armstrongyregion.com.ar\/diario\/wp-json\/wp\/v2\/users\/2"}],"replies":[{"embeddable":true,"href":"https:\/\/armstrongyregion.com.ar\/diario\/wp-json\/wp\/v2\/comments?post=8236"}],"version-history":[{"count":0,"href":"https:\/\/armstrongyregion.com.ar\/diario\/wp-json\/wp\/v2\/posts\/8236\/revisions"}],"wp:featuredmedia":[{"embeddable":true,"href":"https:\/\/armstrongyregion.com.ar\/diario\/wp-json\/wp\/v2\/media\/8237"}],"wp:attachment":[{"href":"https:\/\/armstrongyregion.com.ar\/diario\/wp-json\/wp\/v2\/media?parent=8236"}],"wp:term":[{"taxonomy":"category","embeddable":true,"href":"https:\/\/armstrongyregion.com.ar\/diario\/wp-json\/wp\/v2\/categories?post=8236"},{"taxonomy":"post_tag","embeddable":true,"href":"https:\/\/armstrongyregion.com.ar\/diario\/wp-json\/wp\/v2\/tags?post=8236"}],"curies":[{"name":"wp","href":"https:\/\/api.w.org\/{rel}","templated":true}]}}