{"id":8218,"date":"2016-06-13T14:29:05","date_gmt":"2016-06-13T14:29:05","guid":{"rendered":"https:\/\/armstrongyregion.com.ar\/diario\/?p=8218"},"modified":"2016-06-13T14:29:05","modified_gmt":"2016-06-13T14:29:05","slug":"el-espectaculo-idilio-volvio-a-la-sala-iris-marga","status":"publish","type":"post","link":"https:\/\/armstrongyregion.com.ar\/diario\/el-espectaculo-idilio-volvio-a-la-sala-iris-marga\/","title":{"rendered":"El espect\u00e1culo \u201cIdilio\u201d volvi\u00f3 a la Sala Iris Marga."},"content":{"rendered":"<p><a href=\"http:\/\/armstrongyregion.com.ar\/diario\/wp-content\/uploads\/2016\/06\/ensamble.jpg\"><img loading=\"lazy\" decoding=\"async\" src=\"http:\/\/armstrongyregion.com.ar\/diario\/wp-content\/uploads\/2016\/06\/ensamble.jpg\" alt=\"ensamble\" width=\"720\" height=\"484\" class=\"alignnone size-full wp-image-8219\" srcset=\"https:\/\/armstrongyregion.com.ar\/diario\/wp-content\/uploads\/2016\/06\/ensamble.jpg 720w, https:\/\/armstrongyregion.com.ar\/diario\/wp-content\/uploads\/2016\/06\/ensamble-300x202.jpg 300w\" sizes=\"auto, (max-width: 720px) 100vw, 720px\" \/><\/a>El pasado viernes 10 de junio, pasadas las 21hs \u201cIdilio, la vida hecha m\u00fasica\u201d volvi\u00f3 a la Sala Iris Marga, invitaron la municipalidad de Armstrong junto al Ensamble Enzo Vacchino.<br \/>\nLa agrupaci\u00f3n musical  rearmo y repens\u00f3 su repertorio, en funci\u00f3n no solo del p\u00fablico aficionado a su m\u00fasica, sino tambi\u00e9n, por el desaf\u00edo y disfrute que implica para sus m\u00fasicos el trabajo de nuevas obras, asegurando as\u00ed, el compromiso y dedicaci\u00f3n. En este caso las entradas ya estaban agotadas una semana previa al espect\u00e1culo, garantizando la convocatoria de siempre y m\u00e1s.<br \/>\nEsta  nueva propuesta, producida y dirigida por el Maestro Gabriel Alustiza, recorre a trav\u00e9s del g\u00e9nero latino, boleros, baladas, la historia de vida de Mariano, con an\u00e9cdotas y vivencias de un m\u00fasico que dan origen y nombre al nuevo show \u201cIdilio\u201d.<br \/>\nEl p\u00fablico disfrut\u00f3 de un excelente espect\u00e1culo y aplaudi\u00f3 de pie a los m\u00fasicos como en cada show que brinda en cada presentaci\u00f3n.<\/p>\n","protected":false},"excerpt":{"rendered":"<p>El pasado viernes 10 de junio, pasadas las 21hs \u201cIdilio, la vida hecha m\u00fasica\u201d volvi\u00f3 a la Sala Iris Marga, invitaron la municipalidad de Armstrong junto al Ensamble Enzo Vacchino. La agrupaci\u00f3n musical rearmo y repens\u00f3 su repertorio, en funci\u00f3n no solo del p\u00fablico aficionado a su m\u00fasica, sino tambi\u00e9n, por el desaf\u00edo y disfrute <a href=\"https:\/\/armstrongyregion.com.ar\/diario\/el-espectaculo-idilio-volvio-a-la-sala-iris-marga\/\" title=\"Read more\" >&#8230;<\/a><\/p>\n","protected":false},"author":2,"featured_media":8219,"comment_status":"open","ping_status":"open","sticky":false,"template":"","format":"standard","meta":{"_jetpack_memberships_contains_paid_content":false,"footnotes":"","jetpack_publicize_message":"","jetpack_publicize_feature_enabled":true,"jetpack_social_post_already_shared":false,"jetpack_social_options":{"image_generator_settings":{"template":"highway","default_image_id":0,"enabled":false},"version":2}},"categories":[1],"tags":[33,16,4064,3200,1173,31,1174,773,1610],"class_list":["post-8218","post","type-post","status-publish","format-standard","has-post-thumbnail","hentry","category-diario-armstrong","tag-a","tag-el","tag-espectaculo","tag-idilio","tag-iris","tag-la","tag-marga","tag-sala","tag-volvio"],"jetpack_publicize_connections":[],"jetpack_featured_media_url":"https:\/\/armstrongyregion.com.ar\/diario\/wp-content\/uploads\/2016\/06\/ensamble.jpg","jetpack_shortlink":"https:\/\/wp.me\/p62QDO-28y","jetpack_sharing_enabled":true,"amp_enabled":true,"_links":{"self":[{"href":"https:\/\/armstrongyregion.com.ar\/diario\/wp-json\/wp\/v2\/posts\/8218","targetHints":{"allow":["GET"]}}],"collection":[{"href":"https:\/\/armstrongyregion.com.ar\/diario\/wp-json\/wp\/v2\/posts"}],"about":[{"href":"https:\/\/armstrongyregion.com.ar\/diario\/wp-json\/wp\/v2\/types\/post"}],"author":[{"embeddable":true,"href":"https:\/\/armstrongyregion.com.ar\/diario\/wp-json\/wp\/v2\/users\/2"}],"replies":[{"embeddable":true,"href":"https:\/\/armstrongyregion.com.ar\/diario\/wp-json\/wp\/v2\/comments?post=8218"}],"version-history":[{"count":0,"href":"https:\/\/armstrongyregion.com.ar\/diario\/wp-json\/wp\/v2\/posts\/8218\/revisions"}],"wp:featuredmedia":[{"embeddable":true,"href":"https:\/\/armstrongyregion.com.ar\/diario\/wp-json\/wp\/v2\/media\/8219"}],"wp:attachment":[{"href":"https:\/\/armstrongyregion.com.ar\/diario\/wp-json\/wp\/v2\/media?parent=8218"}],"wp:term":[{"taxonomy":"category","embeddable":true,"href":"https:\/\/armstrongyregion.com.ar\/diario\/wp-json\/wp\/v2\/categories?post=8218"},{"taxonomy":"post_tag","embeddable":true,"href":"https:\/\/armstrongyregion.com.ar\/diario\/wp-json\/wp\/v2\/tags?post=8218"}],"curies":[{"name":"wp","href":"https:\/\/api.w.org\/{rel}","templated":true}]}}