{"id":8212,"date":"2016-06-13T14:12:22","date_gmt":"2016-06-13T14:12:22","guid":{"rendered":"https:\/\/armstrongyregion.com.ar\/diario\/?p=8212"},"modified":"2016-06-13T14:12:22","modified_gmt":"2016-06-13T14:12:22","slug":"mansilla-las-medidas-del-gobierno-nacional-repercuten-negativamente-en-todos-los-sectores","status":"publish","type":"post","link":"https:\/\/armstrongyregion.com.ar\/diario\/mansilla-las-medidas-del-gobierno-nacional-repercuten-negativamente-en-todos-los-sectores\/","title":{"rendered":"Mansilla \u201cLas medidas del gobierno nacional repercuten negativamente en todos los sectores\u201d"},"content":{"rendered":"<p><a href=\"http:\/\/armstrongyregion.com.ar\/diario\/wp-content\/uploads\/2016\/06\/mansilla-.jpg\"><img loading=\"lazy\" decoding=\"async\" src=\"http:\/\/armstrongyregion.com.ar\/diario\/wp-content\/uploads\/2016\/06\/mansilla-.jpg\" alt=\"mansilla-\" width=\"768\" height=\"432\" class=\"alignnone size-full wp-image-8213\" srcset=\"https:\/\/armstrongyregion.com.ar\/diario\/wp-content\/uploads\/2016\/06\/mansilla-.jpg 768w, https:\/\/armstrongyregion.com.ar\/diario\/wp-content\/uploads\/2016\/06\/mansilla--300x169.jpg 300w\" sizes=\"auto, (max-width: 768px) 100vw, 768px\" \/><\/a>\u00abLa preocupaci\u00f3n por el rumbo econ\u00f3mico es generalizada, las medidas del gobierno nacional repercuten negativamente en todos los sectores sociales y todas las regiones de la provincia\u201d, dijo el diputado del Mercosur Diego Mansilla, tras visitar la ciudad de Venado Tuerto, donde se reuni\u00f3 con el intendente Jos\u00e9 Freyre, la referente Paola Bravo y dirigentes y militantes del Frente para la Victoria.<\/p>\n<p>\u201cRepasamos la situaci\u00f3n general de la ciudad y la regi\u00f3n, recorrimos el Centro Integrador Comunitario N\u00e9stor Kirchner, donde se desarrolla una gran tarea de promoci\u00f3n y de inclusi\u00f3n social; tambi\u00e9n visitamos medios de comunicaci\u00f3n. Es notorio que la crisis se acent\u00faa y la falta de perspectivas alentadoras preocupa y frena proyectos de inversi\u00f3n y crecimiento\u201d, se\u00f1al\u00f3 Mansilla, al tiempo que llam\u00f3 a \u201cestar cada vez m\u00e1s unidos en defensa de la producci\u00f3n y el empleo, por la vuelta al camino del crecimiento con inclusi\u00f3n, del desarrollo para todos\u201d.<\/p>\n<p>\u201cEstamos honrando el compromiso de trabajar junto a cada regi\u00f3n de la provincia para representar cabalmente a las santafesinas y los santafesinos en el Parlamento de nuestro bloque continental\u201d, expres\u00f3 el diputado del Mercosur del bloque del Frente para la Victoria, tras la recorrida por Venado Tuerto, este \u00faltimo mi\u00e9rcoles.<\/p>\n","protected":false},"excerpt":{"rendered":"<p>\u00abLa preocupaci\u00f3n por el rumbo econ\u00f3mico es generalizada, las medidas del gobierno nacional repercuten negativamente en todos los sectores sociales y todas las regiones de la provincia\u201d, dijo el diputado del Mercosur Diego Mansilla, tras visitar la ciudad de Venado Tuerto, donde se reuni\u00f3 con el intendente Jos\u00e9 Freyre, la referente Paola Bravo y dirigentes <a href=\"https:\/\/armstrongyregion.com.ar\/diario\/mansilla-las-medidas-del-gobierno-nacional-repercuten-negativamente-en-todos-los-sectores\/\" title=\"Read more\" >&#8230;<\/a><\/p>\n","protected":false},"author":2,"featured_media":8213,"comment_status":"open","ping_status":"open","sticky":false,"template":"","format":"standard","meta":{"_jetpack_memberships_contains_paid_content":false,"footnotes":"","jetpack_publicize_message":"","jetpack_publicize_feature_enabled":true,"jetpack_social_post_already_shared":false,"jetpack_social_options":{"image_generator_settings":{"template":"highway","default_image_id":0,"enabled":false},"version":2}},"categories":[1],"tags":[990,934,991,3364,651],"class_list":["post-8212","post","type-post","status-publish","format-standard","has-post-thumbnail","hentry","category-diario-armstrong","tag-diego","tag-economicas","tag-mansilla","tag-medidas","tag-nacionales"],"jetpack_publicize_connections":[],"jetpack_featured_media_url":"https:\/\/armstrongyregion.com.ar\/diario\/wp-content\/uploads\/2016\/06\/mansilla-.jpg","jetpack_shortlink":"https:\/\/wp.me\/p62QDO-28s","jetpack_sharing_enabled":true,"amp_enabled":true,"_links":{"self":[{"href":"https:\/\/armstrongyregion.com.ar\/diario\/wp-json\/wp\/v2\/posts\/8212","targetHints":{"allow":["GET"]}}],"collection":[{"href":"https:\/\/armstrongyregion.com.ar\/diario\/wp-json\/wp\/v2\/posts"}],"about":[{"href":"https:\/\/armstrongyregion.com.ar\/diario\/wp-json\/wp\/v2\/types\/post"}],"author":[{"embeddable":true,"href":"https:\/\/armstrongyregion.com.ar\/diario\/wp-json\/wp\/v2\/users\/2"}],"replies":[{"embeddable":true,"href":"https:\/\/armstrongyregion.com.ar\/diario\/wp-json\/wp\/v2\/comments?post=8212"}],"version-history":[{"count":0,"href":"https:\/\/armstrongyregion.com.ar\/diario\/wp-json\/wp\/v2\/posts\/8212\/revisions"}],"wp:featuredmedia":[{"embeddable":true,"href":"https:\/\/armstrongyregion.com.ar\/diario\/wp-json\/wp\/v2\/media\/8213"}],"wp:attachment":[{"href":"https:\/\/armstrongyregion.com.ar\/diario\/wp-json\/wp\/v2\/media?parent=8212"}],"wp:term":[{"taxonomy":"category","embeddable":true,"href":"https:\/\/armstrongyregion.com.ar\/diario\/wp-json\/wp\/v2\/categories?post=8212"},{"taxonomy":"post_tag","embeddable":true,"href":"https:\/\/armstrongyregion.com.ar\/diario\/wp-json\/wp\/v2\/tags?post=8212"}],"curies":[{"name":"wp","href":"https:\/\/api.w.org\/{rel}","templated":true}]}}