{"id":8174,"date":"2016-06-09T02:52:12","date_gmt":"2016-06-09T02:52:12","guid":{"rendered":"https:\/\/armstrongyregion.com.ar\/diario\/?p=8174"},"modified":"2016-06-09T02:52:12","modified_gmt":"2016-06-09T02:52:12","slug":"quedo-habilitado-el-paso-a-nivel-de-calle-fischer","status":"publish","type":"post","link":"https:\/\/armstrongyregion.com.ar\/diario\/quedo-habilitado-el-paso-a-nivel-de-calle-fischer\/","title":{"rendered":"Qued\u00f3 habilitado el paso a nivel de calle Fischer."},"content":{"rendered":"<p><a href=\"http:\/\/armstrongyregion.com.ar\/diario\/wp-content\/uploads\/2016\/06\/paso-a-nivel-.jpg\"><img loading=\"lazy\" decoding=\"async\" src=\"http:\/\/armstrongyregion.com.ar\/diario\/wp-content\/uploads\/2016\/06\/paso-a-nivel-.jpg\" alt=\"paso-a-nivel-\" width=\"960\" height=\"540\" class=\"alignnone size-full wp-image-8175\" srcset=\"https:\/\/armstrongyregion.com.ar\/diario\/wp-content\/uploads\/2016\/06\/paso-a-nivel-.jpg 960w, https:\/\/armstrongyregion.com.ar\/diario\/wp-content\/uploads\/2016\/06\/paso-a-nivel--300x169.jpg 300w\" sizes=\"auto, (max-width: 960px) 100vw, 960px\" \/><\/a>A partir de las 18,30hs del d\u00eda mi\u00e9rcoles 8 de junio, qued\u00f3 habilitado el paso a nivel de calle Fischer.<br \/>\nEl intendente municipal Dr. Pablo Verdecchia manifest\u00f3  la alegr\u00eda de poder habilitar y ver el cambio que va a ser para cada ciudadano. Adem\u00e1s expres\u00f3 que esto es un impulso para seguir trabajando en  obras por el bienestar para la ciudad.<br \/>\nEstuvieron presentes funcionarios municipales, concejales del oficialismo, referentes de diversas instituciones y vecinos.<\/p>\n","protected":false},"excerpt":{"rendered":"<p>A partir de las 18,30hs del d\u00eda mi\u00e9rcoles 8 de junio, qued\u00f3 habilitado el paso a nivel de calle Fischer. El intendente municipal Dr. Pablo Verdecchia manifest\u00f3 la alegr\u00eda de poder habilitar y ver el cambio que va a ser para cada ciudadano. Adem\u00e1s expres\u00f3 que esto es un impulso para seguir trabajando en obras <a href=\"https:\/\/armstrongyregion.com.ar\/diario\/quedo-habilitado-el-paso-a-nivel-de-calle-fischer\/\" title=\"Read more\" >&#8230;<\/a><\/p>\n","protected":false},"author":2,"featured_media":8175,"comment_status":"open","ping_status":"open","sticky":false,"template":"","format":"standard","meta":{"_jetpack_memberships_contains_paid_content":false,"footnotes":"","jetpack_publicize_message":"","jetpack_publicize_feature_enabled":true,"jetpack_social_post_already_shared":false,"jetpack_social_options":{"image_generator_settings":{"template":"highway","default_image_id":0,"enabled":false},"version":2}},"categories":[1,2,7,3],"tags":[33,345,19,16,1043,4059,3948,932,1661],"class_list":["post-8174","post","type-post","status-publish","format-standard","has-post-thumbnail","hentry","category-diario-armstrong","category-locales","category-politica","category-region","tag-a","tag-calle","tag-de","tag-el","tag-fischer","tag-habilitado","tag-nivel","tag-paso","tag-quedo"],"jetpack_publicize_connections":[],"jetpack_featured_media_url":"https:\/\/armstrongyregion.com.ar\/diario\/wp-content\/uploads\/2016\/06\/paso-a-nivel-.jpg","jetpack_shortlink":"https:\/\/wp.me\/p62QDO-27Q","jetpack_sharing_enabled":true,"amp_enabled":true,"_links":{"self":[{"href":"https:\/\/armstrongyregion.com.ar\/diario\/wp-json\/wp\/v2\/posts\/8174","targetHints":{"allow":["GET"]}}],"collection":[{"href":"https:\/\/armstrongyregion.com.ar\/diario\/wp-json\/wp\/v2\/posts"}],"about":[{"href":"https:\/\/armstrongyregion.com.ar\/diario\/wp-json\/wp\/v2\/types\/post"}],"author":[{"embeddable":true,"href":"https:\/\/armstrongyregion.com.ar\/diario\/wp-json\/wp\/v2\/users\/2"}],"replies":[{"embeddable":true,"href":"https:\/\/armstrongyregion.com.ar\/diario\/wp-json\/wp\/v2\/comments?post=8174"}],"version-history":[{"count":0,"href":"https:\/\/armstrongyregion.com.ar\/diario\/wp-json\/wp\/v2\/posts\/8174\/revisions"}],"wp:featuredmedia":[{"embeddable":true,"href":"https:\/\/armstrongyregion.com.ar\/diario\/wp-json\/wp\/v2\/media\/8175"}],"wp:attachment":[{"href":"https:\/\/armstrongyregion.com.ar\/diario\/wp-json\/wp\/v2\/media?parent=8174"}],"wp:term":[{"taxonomy":"category","embeddable":true,"href":"https:\/\/armstrongyregion.com.ar\/diario\/wp-json\/wp\/v2\/categories?post=8174"},{"taxonomy":"post_tag","embeddable":true,"href":"https:\/\/armstrongyregion.com.ar\/diario\/wp-json\/wp\/v2\/tags?post=8174"}],"curies":[{"name":"wp","href":"https:\/\/api.w.org\/{rel}","templated":true}]}}