{"id":8168,"date":"2016-06-09T02:31:46","date_gmt":"2016-06-09T02:31:46","guid":{"rendered":"https:\/\/armstrongyregion.com.ar\/diario\/?p=8168"},"modified":"2016-06-09T02:31:46","modified_gmt":"2016-06-09T02:31:46","slug":"el-empuje-y-la-esperanza-del-campo-revivio-en-el-primer-dia-de-agroactiva","status":"publish","type":"post","link":"https:\/\/armstrongyregion.com.ar\/diario\/el-empuje-y-la-esperanza-del-campo-revivio-en-el-primer-dia-de-agroactiva\/","title":{"rendered":"El empuje y la esperanza del campo revivi\u00f3 en el primer d\u00eda de AgroActiva."},"content":{"rendered":"<p><a href=\"http:\/\/armstrongyregion.com.ar\/diario\/wp-content\/uploads\/2016\/06\/gente-mi\u00e9rcoles.jpg\"><img loading=\"lazy\" decoding=\"async\" src=\"http:\/\/armstrongyregion.com.ar\/diario\/wp-content\/uploads\/2016\/06\/gente-mi\u00e9rcoles.jpg\" alt=\"gente-mi\u00e9rcoles\" width=\"768\" height=\"511\" class=\"alignnone size-full wp-image-8169\" srcset=\"https:\/\/armstrongyregion.com.ar\/diario\/wp-content\/uploads\/2016\/06\/gente-mi\u00e9rcoles.jpg 768w, https:\/\/armstrongyregion.com.ar\/diario\/wp-content\/uploads\/2016\/06\/gente-mi\u00e9rcoles-300x200.jpg 300w\" sizes=\"auto, (max-width: 768px) 100vw, 768px\" \/><\/a>M\u00e1s de 34 mil personas visitaron la mega muestra en la jornada inaugural que tuvo nutrida actividad y fuerte presencia de p\u00fablico espec\u00edfico del sector agropecuario.gente d\u00eda 1<br \/>\nLa primera jornada de AgroActiva 2016 estuvo cargada de actividades protocolares, muchas presentaciones de nuevos equipos de maquinaria agr\u00edcola y una muy buena concurrencia. Gran convocatoria de p\u00fablico (34.800 personas), en un d\u00eda soleado que acompa\u00f1\u00f3 toda la jornada, fue el hecho destacado de la apertura.<br \/>\nDesde muy temprano fueron ingresando al campo de Monje los productores, contratistas, ganaderos, ingenieros y p\u00fablico en general que como cada a\u00f1o asisten masivamente para tomar contacto con la \u00faltima tecnolog\u00eda en materia de producci\u00f3n agropecuaria.<br \/>\nEl clima acompa\u00f1\u00f3 con sol radiante que hizo olvidar el fr\u00edo. Como artilugio del destino para dar muestras de que todo est\u00e1 relacionado,  el Dios Febo ilumin\u00f3 al campo en lo que parece ser un nuevo amanecer, un nuevo despertar para el sector m\u00e1s din\u00e1mico de la econom\u00eda nacional. Durante todo el d\u00eda la temperatura fue mucho m\u00e1s elevada en las calles internas de la feria que en el term\u00f3metro, aunque esto no intimid\u00f3 al p\u00fablico, ya que fervor de los chacareros se hizo notar. Los distintos stands de maquinaria agr\u00edcola, agropartes, automotrices, bancos, semillas y otros rubros recibieron a lo largo de la jornada miles de consultas y concretaron algunas ventas, a\u00fan en un a\u00f1o con ciertas complicaciones en materia econ\u00f3mica, impulsadas en parte por el anuncio de tasas del 17,5 por ciento que el propio presidente del Banco Naci\u00f3n realiz\u00f3 en la muestra.<br \/>\nEl protocolo, como en cada inicio de AgroActiva, tambi\u00e9n fue part\u00edcipe con el acto de apertura, la inauguraci\u00f3n del stand del Gobierno de Santa Fe, la recorrida del gobernador Miguel Lifschitz por la muestra, la visita de Carlos Melconi\u00e1n y otras autoridades.<br \/>\nFue un muy buen comienzo, las perspectivas para los pr\u00f3ximos d\u00edas son las mejores, s\u00f3lo resta esperar que el clima y el p\u00fablico sigan acompa\u00f1ando como hasta ahora.<\/p>\n","protected":false},"excerpt":{"rendered":"<p>M\u00e1s de 34 mil personas visitaron la mega muestra en la jornada inaugural que tuvo nutrida actividad y fuerte presencia de p\u00fablico espec\u00edfico del sector agropecuario.gente d\u00eda 1 La primera jornada de AgroActiva 2016 estuvo cargada de actividades protocolares, muchas presentaciones de nuevos equipos de maquinaria agr\u00edcola y una muy buena concurrencia. Gran convocatoria de <a href=\"https:\/\/armstrongyregion.com.ar\/diario\/el-empuje-y-la-esperanza-del-campo-revivio-en-el-primer-dia-de-agroactiva\/\" title=\"Read more\" >&#8230;<\/a><\/p>\n","protected":false},"author":2,"featured_media":8169,"comment_status":"open","ping_status":"open","sticky":false,"template":"","format":"standard","meta":{"_jetpack_memberships_contains_paid_content":false,"footnotes":"","jetpack_publicize_message":"","jetpack_publicize_feature_enabled":true,"jetpack_social_post_already_shared":false,"jetpack_social_options":{"image_generator_settings":{"template":"highway","default_image_id":0,"enabled":false},"version":2}},"categories":[1,2,3],"tags":[4056,4055],"class_list":["post-8168","post","type-post","status-publish","format-standard","has-post-thumbnail","hentry","category-diario-armstrong","category-locales","category-region","tag-agoactiva","tag-revivio"],"jetpack_publicize_connections":[],"jetpack_featured_media_url":"https:\/\/armstrongyregion.com.ar\/diario\/wp-content\/uploads\/2016\/06\/gente-mi\u00e9rcoles.jpg","jetpack_shortlink":"https:\/\/wp.me\/p62QDO-27K","jetpack_sharing_enabled":true,"amp_enabled":true,"_links":{"self":[{"href":"https:\/\/armstrongyregion.com.ar\/diario\/wp-json\/wp\/v2\/posts\/8168","targetHints":{"allow":["GET"]}}],"collection":[{"href":"https:\/\/armstrongyregion.com.ar\/diario\/wp-json\/wp\/v2\/posts"}],"about":[{"href":"https:\/\/armstrongyregion.com.ar\/diario\/wp-json\/wp\/v2\/types\/post"}],"author":[{"embeddable":true,"href":"https:\/\/armstrongyregion.com.ar\/diario\/wp-json\/wp\/v2\/users\/2"}],"replies":[{"embeddable":true,"href":"https:\/\/armstrongyregion.com.ar\/diario\/wp-json\/wp\/v2\/comments?post=8168"}],"version-history":[{"count":0,"href":"https:\/\/armstrongyregion.com.ar\/diario\/wp-json\/wp\/v2\/posts\/8168\/revisions"}],"wp:featuredmedia":[{"embeddable":true,"href":"https:\/\/armstrongyregion.com.ar\/diario\/wp-json\/wp\/v2\/media\/8169"}],"wp:attachment":[{"href":"https:\/\/armstrongyregion.com.ar\/diario\/wp-json\/wp\/v2\/media?parent=8168"}],"wp:term":[{"taxonomy":"category","embeddable":true,"href":"https:\/\/armstrongyregion.com.ar\/diario\/wp-json\/wp\/v2\/categories?post=8168"},{"taxonomy":"post_tag","embeddable":true,"href":"https:\/\/armstrongyregion.com.ar\/diario\/wp-json\/wp\/v2\/tags?post=8168"}],"curies":[{"name":"wp","href":"https:\/\/api.w.org\/{rel}","templated":true}]}}