{"id":8150,"date":"2016-06-07T03:12:42","date_gmt":"2016-06-07T03:12:42","guid":{"rendered":"https:\/\/armstrongyregion.com.ar\/diario\/?p=8150"},"modified":"2016-06-07T03:12:42","modified_gmt":"2016-06-07T03:12:42","slug":"este-martes-en-deliberando-docentes-y-politicos","status":"publish","type":"post","link":"https:\/\/armstrongyregion.com.ar\/diario\/este-martes-en-deliberando-docentes-y-politicos\/","title":{"rendered":"Este martes en DELIBERANDO docentes y pol\u00edticos."},"content":{"rendered":"<p><a href=\"http:\/\/armstrongyregion.com.ar\/diario\/wp-content\/uploads\/2016\/06\/Marisa-Valeri-.jpg\"><img loading=\"lazy\" decoding=\"async\" src=\"http:\/\/armstrongyregion.com.ar\/diario\/wp-content\/uploads\/2016\/06\/Marisa-Valeri-.jpg\" alt=\"Marisa-Valeri-\" width=\"960\" height=\"540\" class=\"alignnone size-full wp-image-8151\" srcset=\"https:\/\/armstrongyregion.com.ar\/diario\/wp-content\/uploads\/2016\/06\/Marisa-Valeri-.jpg 960w, https:\/\/armstrongyregion.com.ar\/diario\/wp-content\/uploads\/2016\/06\/Marisa-Valeri--300x169.jpg 300w\" sizes=\"auto, (max-width: 960px) 100vw, 960px\" \/><\/a>Las elecciones en AMSAFE Provincial y la actividad del Concejo Deliberante de Ca\u00f1ada de G\u00f3mez.<br \/>\nLa Asociaci\u00f3n del Magisterio tendr\u00e1 elecciones en los pr\u00f3ximos d\u00edas. Representantes de las dos lista que compiten en el departamento Belgrano expondr\u00e1n sus posiciones. Por Unidad Educativa, estar\u00e1n Marisa Valeri, candidata a Secretaria Regional y Hern\u00e1n Bertero hablar\u00e1n de sus proyectos en favor de sus representados. Lo mismo har\u00e1n quienes son ahora los responsables de la delegaci\u00f3n y van por un nuevo mandato, Ariel Sola, candidato a secretario regional y Rosa Aimeri se postula a secretaria adjunta.<br \/>\nLos concejales justicialistas de Ca\u00f1ada de G\u00f3mez, Marcelo Casalegno y Diego Diaz Patr\u00f3n, repasan este nuevo mandato y las gestiones que se realizan desde el cuerpo legislativo con motivo de tener mayor\u00eda en las bancas.<br \/>\nTodo esto, este martes en DELIBERANDO con la conducci\u00f3n de la licenciada Graciela de la Casa y Oscar Crispino.<br \/>\nCABLEIMAGENARMSTRONG. MARTES 21hs- REITERACION: MIERCOLES 13,30hs y DOMINGOS 13,30hs.<\/p>\n","protected":false},"excerpt":{"rendered":"<p>Las elecciones en AMSAFE Provincial y la actividad del Concejo Deliberante de Ca\u00f1ada de G\u00f3mez. La Asociaci\u00f3n del Magisterio tendr\u00e1 elecciones en los pr\u00f3ximos d\u00edas. Representantes de las dos lista que compiten en el departamento Belgrano expondr\u00e1n sus posiciones. Por Unidad Educativa, estar\u00e1n Marisa Valeri, candidata a Secretaria Regional y Hern\u00e1n Bertero hablar\u00e1n de sus <a href=\"https:\/\/armstrongyregion.com.ar\/diario\/este-martes-en-deliberando-docentes-y-politicos\/\" title=\"Read more\" >&#8230;<\/a><\/p>\n","protected":false},"author":2,"featured_media":8151,"comment_status":"open","ping_status":"open","sticky":false,"template":"","format":"standard","meta":{"_jetpack_memberships_contains_paid_content":false,"footnotes":"","jetpack_publicize_message":"","jetpack_publicize_feature_enabled":true,"jetpack_social_post_already_shared":false,"jetpack_social_options":{"image_generator_settings":{"template":"highway","default_image_id":0,"enabled":false},"version":2}},"categories":[6,8,1,2,7,3],"tags":[44,2635,15,162,327,1537,13],"class_list":["post-8150","post","type-post","status-publish","format-standard","has-post-thumbnail","hentry","category-cultura-entretenimiento","category-deliberando","category-diario-armstrong","category-locales","category-politica","category-region","tag-deliberando-2","tag-docentes","tag-en","tag-este","tag-martes","tag-politicos","tag-y"],"jetpack_publicize_connections":[],"jetpack_featured_media_url":"https:\/\/armstrongyregion.com.ar\/diario\/wp-content\/uploads\/2016\/06\/Marisa-Valeri-.jpg","jetpack_shortlink":"https:\/\/wp.me\/p62QDO-27s","jetpack_sharing_enabled":true,"amp_enabled":true,"_links":{"self":[{"href":"https:\/\/armstrongyregion.com.ar\/diario\/wp-json\/wp\/v2\/posts\/8150","targetHints":{"allow":["GET"]}}],"collection":[{"href":"https:\/\/armstrongyregion.com.ar\/diario\/wp-json\/wp\/v2\/posts"}],"about":[{"href":"https:\/\/armstrongyregion.com.ar\/diario\/wp-json\/wp\/v2\/types\/post"}],"author":[{"embeddable":true,"href":"https:\/\/armstrongyregion.com.ar\/diario\/wp-json\/wp\/v2\/users\/2"}],"replies":[{"embeddable":true,"href":"https:\/\/armstrongyregion.com.ar\/diario\/wp-json\/wp\/v2\/comments?post=8150"}],"version-history":[{"count":0,"href":"https:\/\/armstrongyregion.com.ar\/diario\/wp-json\/wp\/v2\/posts\/8150\/revisions"}],"wp:featuredmedia":[{"embeddable":true,"href":"https:\/\/armstrongyregion.com.ar\/diario\/wp-json\/wp\/v2\/media\/8151"}],"wp:attachment":[{"href":"https:\/\/armstrongyregion.com.ar\/diario\/wp-json\/wp\/v2\/media?parent=8150"}],"wp:term":[{"taxonomy":"category","embeddable":true,"href":"https:\/\/armstrongyregion.com.ar\/diario\/wp-json\/wp\/v2\/categories?post=8150"},{"taxonomy":"post_tag","embeddable":true,"href":"https:\/\/armstrongyregion.com.ar\/diario\/wp-json\/wp\/v2\/tags?post=8150"}],"curies":[{"name":"wp","href":"https:\/\/api.w.org\/{rel}","templated":true}]}}