{"id":813,"date":"2015-02-11T11:54:12","date_gmt":"2015-02-11T11:54:12","guid":{"rendered":"https:\/\/armstrongyregion.com.ar\/diario\/?p=813"},"modified":"2015-02-11T11:54:12","modified_gmt":"2015-02-11T11:54:12","slug":"canada-de-gomez-municipio-y-clubes-planean-la-vuelta-de-los-carnavales","status":"publish","type":"post","link":"https:\/\/armstrongyregion.com.ar\/diario\/canada-de-gomez-municipio-y-clubes-planean-la-vuelta-de-los-carnavales\/","title":{"rendered":"Ca\u00f1ada de G\u00f3mez. Municipio y Clubes planean la vuelta de los carnavales."},"content":{"rendered":"<p><a href=\"http:\/\/armstrongyregion.com.ar\/diario\/wp-content\/uploads\/2015\/02\/reunioncarnaval.jpg\"><img loading=\"lazy\" decoding=\"async\" class=\"alignnone size-medium wp-image-814\" src=\"http:\/\/armstrongyregion.com.ar\/diario\/wp-content\/uploads\/2015\/02\/reunioncarnaval-300x200.jpg\" alt=\"reunioncarnaval\" width=\"300\" height=\"200\" srcset=\"https:\/\/armstrongyregion.com.ar\/diario\/wp-content\/uploads\/2015\/02\/reunioncarnaval-300x200.jpg 300w, https:\/\/armstrongyregion.com.ar\/diario\/wp-content\/uploads\/2015\/02\/reunioncarnaval.jpg 450w\" sizes=\"auto, (max-width: 300px) 100vw, 300px\" \/><\/a>Ser\u00e1 el 21 de febrero alrededor de Plaza San Mart\u00edn. Participar\u00e1n las murgas de las colonias de vacaciones y Maring\u00e1 de Carcara\u00f1a.<\/p>\n<p>En Casa del Bicentenario la intendenta Stella Cl\u00e9rici y la secretaria de Cultura Raquel Di Paola se reunieron con representantes de los clubes<br \/>\nde la ciudad para avanzar en la vuelta del carnaval a la ciudad. Del<br \/>\nencuentro tambi\u00e9n participaron los concejales Cogno y Tocalli.<br \/>\nLa actividad se desarrollar\u00e1 el s\u00e1bado 21 de febrero con el desfile de<br \/>\nlas murgas de las colonias de vacaciones y el cierre a cargo de la<br \/>\ncomparsa Maring\u00e1 de Carcara\u00f1a. En tanto, las instituciones deportivas<br \/>\nser\u00e1n quienes est\u00e9n a cargo de la explotaci\u00f3n del buffet. \u201cJunto a los<br \/>\nclubes decidimos reunirnos para trabajar en la vuelta de un festejo muy<br \/>\nquerido y esperado por todos\u201d, expres\u00f3 la intendenta.<br \/>\nAs\u00ed mismo, el pr\u00f3ximo martes 17 desde las 20 hs. en Plaza de las<br \/>\nColectividades en el marco de \u00abCa\u00f1ada de Carnaval\u00bb se presentar\u00e1 la<br \/>\n\u00abUrraka\u00bb, el ingenioso y talentoso grupo art\u00edstico que realiza m\u00fasica<br \/>\ncon elementos no convencionales.<\/p>\n","protected":false},"excerpt":{"rendered":"<p>Ser\u00e1 el 21 de febrero alrededor de Plaza San Mart\u00edn. Participar\u00e1n las murgas de las colonias de vacaciones y Maring\u00e1 de Carcara\u00f1a. En Casa del Bicentenario la intendenta Stella Cl\u00e9rici y la secretaria de Cultura Raquel Di Paola se reunieron con representantes de los clubes de la ciudad para avanzar en la vuelta del carnaval <a href=\"https:\/\/armstrongyregion.com.ar\/diario\/canada-de-gomez-municipio-y-clubes-planean-la-vuelta-de-los-carnavales\/\" title=\"Read more\" >&#8230;<\/a><\/p>\n","protected":false},"author":2,"featured_media":814,"comment_status":"open","ping_status":"open","sticky":false,"template":"","format":"standard","meta":{"_jetpack_memberships_contains_paid_content":false,"footnotes":"","jetpack_publicize_message":"","jetpack_publicize_feature_enabled":true,"jetpack_social_post_already_shared":false,"jetpack_social_options":{"image_generator_settings":{"template":"highway","default_image_id":0,"enabled":false},"version":2}},"categories":[1,3],"tags":[554,163,810,808,19,164,31,42,217,809,13],"class_list":["post-813","post","type-post","status-publish","format-standard","has-post-thumbnail","hentry","category-diario-armstrong","category-region","tag-vuelta","tag-canada","tag-carnavales","tag-clubes","tag-de","tag-gomez","tag-la","tag-los","tag-municipio","tag-planean","tag-y"],"jetpack_publicize_connections":[],"jetpack_featured_media_url":"https:\/\/armstrongyregion.com.ar\/diario\/wp-content\/uploads\/2015\/02\/reunioncarnaval.jpg","jetpack_shortlink":"https:\/\/wp.me\/p62QDO-d7","jetpack_sharing_enabled":true,"amp_enabled":true,"_links":{"self":[{"href":"https:\/\/armstrongyregion.com.ar\/diario\/wp-json\/wp\/v2\/posts\/813","targetHints":{"allow":["GET"]}}],"collection":[{"href":"https:\/\/armstrongyregion.com.ar\/diario\/wp-json\/wp\/v2\/posts"}],"about":[{"href":"https:\/\/armstrongyregion.com.ar\/diario\/wp-json\/wp\/v2\/types\/post"}],"author":[{"embeddable":true,"href":"https:\/\/armstrongyregion.com.ar\/diario\/wp-json\/wp\/v2\/users\/2"}],"replies":[{"embeddable":true,"href":"https:\/\/armstrongyregion.com.ar\/diario\/wp-json\/wp\/v2\/comments?post=813"}],"version-history":[{"count":0,"href":"https:\/\/armstrongyregion.com.ar\/diario\/wp-json\/wp\/v2\/posts\/813\/revisions"}],"wp:featuredmedia":[{"embeddable":true,"href":"https:\/\/armstrongyregion.com.ar\/diario\/wp-json\/wp\/v2\/media\/814"}],"wp:attachment":[{"href":"https:\/\/armstrongyregion.com.ar\/diario\/wp-json\/wp\/v2\/media?parent=813"}],"wp:term":[{"taxonomy":"category","embeddable":true,"href":"https:\/\/armstrongyregion.com.ar\/diario\/wp-json\/wp\/v2\/categories?post=813"},{"taxonomy":"post_tag","embeddable":true,"href":"https:\/\/armstrongyregion.com.ar\/diario\/wp-json\/wp\/v2\/tags?post=813"}],"curies":[{"name":"wp","href":"https:\/\/api.w.org\/{rel}","templated":true}]}}