{"id":8110,"date":"2016-06-03T13:17:32","date_gmt":"2016-06-03T13:17:32","guid":{"rendered":"https:\/\/armstrongyregion.com.ar\/diario\/?p=8110"},"modified":"2016-06-03T13:17:32","modified_gmt":"2016-06-03T13:17:32","slug":"diego-mansilla-en-tortugas-villa-eloisa-y-las-rosas","status":"publish","type":"post","link":"https:\/\/armstrongyregion.com.ar\/diario\/diego-mansilla-en-tortugas-villa-eloisa-y-las-rosas\/","title":{"rendered":"Diego Mansilla en Tortugas, Villa Elo\u00edsa y Las Rosas."},"content":{"rendered":"<p><a href=\"http:\/\/armstrongyregion.com.ar\/diario\/wp-content\/uploads\/2016\/06\/diego-mansilla.jpg\"><img loading=\"lazy\" decoding=\"async\" src=\"http:\/\/armstrongyregion.com.ar\/diario\/wp-content\/uploads\/2016\/06\/diego-mansilla.jpg\" alt=\"diego mansilla\" width=\"768\" height=\"432\" class=\"alignnone size-full wp-image-8111\" srcset=\"https:\/\/armstrongyregion.com.ar\/diario\/wp-content\/uploads\/2016\/06\/diego-mansilla.jpg 768w, https:\/\/armstrongyregion.com.ar\/diario\/wp-content\/uploads\/2016\/06\/diego-mansilla-300x169.jpg 300w\" sizes=\"auto, (max-width: 768px) 100vw, 768px\" \/><\/a>\u201cHay mucha preocupaci\u00f3n por la falta de pol\u00edticas oficiales a favor de la producci\u00f3n y el empleo\u201d<br \/>\n\u201cHay una preocupaci\u00f3n creciente en toda la regi\u00f3n por la falta de pol\u00edticas oficiales para sostener la producci\u00f3n y el empleo\u201d, dijo Diego Mansilla, tras recorrer las localidades de Tortugas, Villa Elo\u00edsa y Las Rosas.<\/p>\n<p>\u201cLas comunidades hacen un enorme esfuerzo para seguir apostando al trabajo, a la industria, al fortalecimiento de la actividad econ\u00f3mica regional, pero hace falta m\u00e1s acompa\u00f1amiento del Estado, tanto con pol\u00edticas de fomento espec\u00edficas como con la generaci\u00f3n de condiciones generales favorables, sin recesi\u00f3n, sin inflaci\u00f3n desenfrenada, sin tarifazos que asfixian la posibilidad de trabajar\u201d, sostuvo el diputado del Mercosur y ex intendente de Las Parejas.<\/p>\n<p>En Tortugas, Mansilla se reuni\u00f3 con el presidente comunal Humberto Viozzi, con quien dialog\u00f3 sobre la actualidad local y diversos proyectos de trabajo.<\/p>\n<p>En Villa Elo\u00edsa el legislador del Mercosur tambi\u00e9n se encontr\u00f3 con el presidente comunal, Mauricio Tartaglini, su equipo de trabajo y representantes de instituciones, con quienes recorri\u00f3 la localidad.<\/p>\n<p>En Las Rosas, en tanto, Mansilla se reuni\u00f3 con autoridades del Ejecutivo municipal y luego, en la Casa del Senado, dialog\u00f3 tambi\u00e9n con militantes y representantes de los trabajadores municipales, del sindicato de Luz y Fuerza, de UPCN, del Club Almafuerte, titulares de pymes locales y la presidenta del Centro de Estudiantes del Terciario Estefan\u00eda Abatedaga. Adem\u00e1s, en Las Rosas Mansilla visit\u00f3 las escuelas Bernardino Rivadavia, Ignacio Crespo (donde el a\u00f1o pasado se realizaron obras con aportes del gobierno nacional) y el Centro de Acci\u00f3n Familiar (CAF).<\/p>\n","protected":false},"excerpt":{"rendered":"<p>\u201cHay mucha preocupaci\u00f3n por la falta de pol\u00edticas oficiales a favor de la producci\u00f3n y el empleo\u201d \u201cHay una preocupaci\u00f3n creciente en toda la regi\u00f3n por la falta de pol\u00edticas oficiales para sostener la producci\u00f3n y el empleo\u201d, dijo Diego Mansilla, tras recorrer las localidades de Tortugas, Villa Elo\u00edsa y Las Rosas. \u201cLas comunidades hacen <a href=\"https:\/\/armstrongyregion.com.ar\/diario\/diego-mansilla-en-tortugas-villa-eloisa-y-las-rosas\/\" title=\"Read more\" >&#8230;<\/a><\/p>\n","protected":false},"author":2,"featured_media":8111,"comment_status":"open","ping_status":"open","sticky":false,"template":"","format":"standard","meta":{"_jetpack_memberships_contains_paid_content":false,"footnotes":"","jetpack_publicize_message":"","jetpack_publicize_feature_enabled":true,"jetpack_social_post_already_shared":false,"jetpack_social_options":{"image_generator_settings":{"template":"highway","default_image_id":0,"enabled":false},"version":2}},"categories":[1,7,3],"tags":[],"class_list":["post-8110","post","type-post","status-publish","format-standard","has-post-thumbnail","hentry","category-diario-armstrong","category-politica","category-region"],"jetpack_publicize_connections":[],"jetpack_featured_media_url":"https:\/\/armstrongyregion.com.ar\/diario\/wp-content\/uploads\/2016\/06\/diego-mansilla.jpg","jetpack_shortlink":"https:\/\/wp.me\/p62QDO-26O","jetpack_sharing_enabled":true,"amp_enabled":true,"_links":{"self":[{"href":"https:\/\/armstrongyregion.com.ar\/diario\/wp-json\/wp\/v2\/posts\/8110","targetHints":{"allow":["GET"]}}],"collection":[{"href":"https:\/\/armstrongyregion.com.ar\/diario\/wp-json\/wp\/v2\/posts"}],"about":[{"href":"https:\/\/armstrongyregion.com.ar\/diario\/wp-json\/wp\/v2\/types\/post"}],"author":[{"embeddable":true,"href":"https:\/\/armstrongyregion.com.ar\/diario\/wp-json\/wp\/v2\/users\/2"}],"replies":[{"embeddable":true,"href":"https:\/\/armstrongyregion.com.ar\/diario\/wp-json\/wp\/v2\/comments?post=8110"}],"version-history":[{"count":0,"href":"https:\/\/armstrongyregion.com.ar\/diario\/wp-json\/wp\/v2\/posts\/8110\/revisions"}],"wp:featuredmedia":[{"embeddable":true,"href":"https:\/\/armstrongyregion.com.ar\/diario\/wp-json\/wp\/v2\/media\/8111"}],"wp:attachment":[{"href":"https:\/\/armstrongyregion.com.ar\/diario\/wp-json\/wp\/v2\/media?parent=8110"}],"wp:term":[{"taxonomy":"category","embeddable":true,"href":"https:\/\/armstrongyregion.com.ar\/diario\/wp-json\/wp\/v2\/categories?post=8110"},{"taxonomy":"post_tag","embeddable":true,"href":"https:\/\/armstrongyregion.com.ar\/diario\/wp-json\/wp\/v2\/tags?post=8110"}],"curies":[{"name":"wp","href":"https:\/\/api.w.org\/{rel}","templated":true}]}}