{"id":8107,"date":"2016-06-03T13:10:15","date_gmt":"2016-06-03T13:10:15","guid":{"rendered":"https:\/\/armstrongyregion.com.ar\/diario\/?p=8107"},"modified":"2016-06-03T13:10:15","modified_gmt":"2016-06-03T13:10:15","slug":"el-espectaculo-idilio-vuelve-al-escenario","status":"publish","type":"post","link":"https:\/\/armstrongyregion.com.ar\/diario\/el-espectaculo-idilio-vuelve-al-escenario\/","title":{"rendered":"El espect\u00e1culo \u201cIdilio\u201d vuelve al escenario."},"content":{"rendered":"<p><a href=\"http:\/\/armstrongyregion.com.ar\/diario\/wp-content\/uploads\/2016\/06\/Afiche-Ensamble-EV-Idilio.png\"><img loading=\"lazy\" decoding=\"async\" src=\"http:\/\/armstrongyregion.com.ar\/diario\/wp-content\/uploads\/2016\/06\/Afiche-Ensamble-EV-Idilio.png\" alt=\"Afiche Ensamble EV Idilio\" width=\"750\" height=\"600\" class=\"alignnone size-full wp-image-8108\" srcset=\"https:\/\/armstrongyregion.com.ar\/diario\/wp-content\/uploads\/2016\/06\/Afiche-Ensamble-EV-Idilio.png 750w, https:\/\/armstrongyregion.com.ar\/diario\/wp-content\/uploads\/2016\/06\/Afiche-Ensamble-EV-Idilio-300x240.png 300w\" sizes=\"auto, (max-width: 750px) 100vw, 750px\" \/><\/a>La Municipalidad de Armstrong junto al Ensamble Enzo Vacchino invitan a una nueva funci\u00f3n del espect\u00e1culo \u201cIdilio. La vida hecha m\u00fasica\u201d que se ofrecer\u00e1 el viernes 10 de junio a las 21 hs. en la sala Iris Marga de nuestra ciudad.<br \/>\nLa agrupaci\u00f3n musical  ha rearmado y repensado su repertorio, en funci\u00f3n no solo del p\u00fablico aficionado a su m\u00fasica, sino tambi\u00e9n, por el desaf\u00edo y disfrute que implica para sus m\u00fasicos el trabajo de nuevas obras, asegurando as\u00ed, el compromiso y dedicaci\u00f3n.<br \/>\nEn esta nueva puesta en escena, la orquesta se vale de nuevos recursos esc\u00e9nicos, con los cuales apuesta al desarrollo de un concierto donde la interacci\u00f3n con los m\u00fasicos y p\u00fablico, brindan ese show musical diferente en el que la m\u00fasica es la gran protagonista.<br \/>\nEsta  nueva propuesta, producida y dirigida por el Maestro Gabriel Alustiza, recorre a trav\u00e9s del g\u00e9nero latino, boleros, baladas, la historia de vida de Mariano, con an\u00e9cdotas y vivencias de un m\u00fasico que dan origen y nombre al nuevo show \u201cIdilio\u201d.<br \/>\nLas entradas anticipadas ya est\u00e1n a la venta. Los interesados en asistir podr\u00e1n ponerse en contacto con los integrantes del Ensamble. <\/p>\n","protected":false},"excerpt":{"rendered":"<p>La Municipalidad de Armstrong junto al Ensamble Enzo Vacchino invitan a una nueva funci\u00f3n del espect\u00e1culo \u201cIdilio. La vida hecha m\u00fasica\u201d que se ofrecer\u00e1 el viernes 10 de junio a las 21 hs. en la sala Iris Marga de nuestra ciudad. La agrupaci\u00f3n musical ha rearmado y repensado su repertorio, en funci\u00f3n no solo del <a href=\"https:\/\/armstrongyregion.com.ar\/diario\/el-espectaculo-idilio-vuelve-al-escenario\/\" title=\"Read more\" >&#8230;<\/a><\/p>\n","protected":false},"author":2,"featured_media":8108,"comment_status":"open","ping_status":"open","sticky":false,"template":"","format":"standard","meta":{"_jetpack_memberships_contains_paid_content":false,"footnotes":"","jetpack_publicize_message":"","jetpack_publicize_feature_enabled":true,"jetpack_social_post_already_shared":false,"jetpack_social_options":{"image_generator_settings":{"template":"highway","default_image_id":0,"enabled":false},"version":2}},"categories":[6,1,2],"tags":[179,3061,3200,2621],"class_list":["post-8107","post","type-post","status-publish","format-standard","has-post-thumbnail","hentry","category-cultura-entretenimiento","category-diario-armstrong","category-locales","tag-al","tag-escenario","tag-idilio","tag-vuelve"],"jetpack_publicize_connections":[],"jetpack_featured_media_url":"https:\/\/armstrongyregion.com.ar\/diario\/wp-content\/uploads\/2016\/06\/Afiche-Ensamble-EV-Idilio.png","jetpack_shortlink":"https:\/\/wp.me\/p62QDO-26L","jetpack_sharing_enabled":true,"amp_enabled":true,"_links":{"self":[{"href":"https:\/\/armstrongyregion.com.ar\/diario\/wp-json\/wp\/v2\/posts\/8107","targetHints":{"allow":["GET"]}}],"collection":[{"href":"https:\/\/armstrongyregion.com.ar\/diario\/wp-json\/wp\/v2\/posts"}],"about":[{"href":"https:\/\/armstrongyregion.com.ar\/diario\/wp-json\/wp\/v2\/types\/post"}],"author":[{"embeddable":true,"href":"https:\/\/armstrongyregion.com.ar\/diario\/wp-json\/wp\/v2\/users\/2"}],"replies":[{"embeddable":true,"href":"https:\/\/armstrongyregion.com.ar\/diario\/wp-json\/wp\/v2\/comments?post=8107"}],"version-history":[{"count":0,"href":"https:\/\/armstrongyregion.com.ar\/diario\/wp-json\/wp\/v2\/posts\/8107\/revisions"}],"wp:featuredmedia":[{"embeddable":true,"href":"https:\/\/armstrongyregion.com.ar\/diario\/wp-json\/wp\/v2\/media\/8108"}],"wp:attachment":[{"href":"https:\/\/armstrongyregion.com.ar\/diario\/wp-json\/wp\/v2\/media?parent=8107"}],"wp:term":[{"taxonomy":"category","embeddable":true,"href":"https:\/\/armstrongyregion.com.ar\/diario\/wp-json\/wp\/v2\/categories?post=8107"},{"taxonomy":"post_tag","embeddable":true,"href":"https:\/\/armstrongyregion.com.ar\/diario\/wp-json\/wp\/v2\/tags?post=8107"}],"curies":[{"name":"wp","href":"https:\/\/api.w.org\/{rel}","templated":true}]}}