{"id":810,"date":"2015-02-11T11:50:55","date_gmt":"2015-02-11T11:50:55","guid":{"rendered":"https:\/\/armstrongyregion.com.ar\/diario\/?p=810"},"modified":"2015-02-11T11:50:55","modified_gmt":"2015-02-11T11:50:55","slug":"nueva-marcha-por-la-aparicion-de-jorge-cejas","status":"publish","type":"post","link":"https:\/\/armstrongyregion.com.ar\/diario\/nueva-marcha-por-la-aparicion-de-jorge-cejas\/","title":{"rendered":"Nueva marcha por la aparici\u00f3n de Jorge Cejas."},"content":{"rendered":"<p><a href=\"http:\/\/armstrongyregion.com.ar\/diario\/wp-content\/uploads\/2015\/02\/Tadeo-y-Notas-382.jpg\"><img loading=\"lazy\" decoding=\"async\" class=\"alignnone size-medium wp-image-811\" src=\"http:\/\/armstrongyregion.com.ar\/diario\/wp-content\/uploads\/2015\/02\/Tadeo-y-Notas-382-300x200.jpg\" alt=\"marcha Cejas\" width=\"300\" height=\"200\" srcset=\"https:\/\/armstrongyregion.com.ar\/diario\/wp-content\/uploads\/2015\/02\/Tadeo-y-Notas-382-300x200.jpg 300w, https:\/\/armstrongyregion.com.ar\/diario\/wp-content\/uploads\/2015\/02\/Tadeo-y-Notas-382.jpg 450w\" sizes=\"auto, (max-width: 300px) 100vw, 300px\" \/><\/a>El pasado martes 10 de febrero, a las 21hs se realiz\u00f3 una nueva marcha por la aparici\u00f3n del empresario desaparecido desde hace nueve meses Jorge Cejas.<br \/>\nComo estaba previsto, los caminantes se reunieron en la Plaza Flotron y se dirigieron hasta la Plaza San Martin, en esta oportunidad contaron con la presencia del cura p\u00e1rroco Daniel Peseta quien se sum\u00f3 a la caminata acompa\u00f1ando a los familiares de Cejas.<\/p>\n<p>Graciela D\u00edaz expresaba, \u00a8 Despu\u00e9s de nuestra aparici\u00f3n en los medios nacionales suponemos el fiscal se habr\u00e1 notificado, nuestro abogado fue muy preciso y conciso en todas las declaraciones que realiz\u00f3. Pensamos continuar avanzando en la difusi\u00f3n de este caso en los medios nacionales que nos han abierto puertas y la idea tambi\u00e9n es seguir marchando pidiendo seguridad y justicia\u00a8.<br \/>\nEl abogado de la familia, Hugo Arga\u00f1araz, dijo que por el momento no ha tenido novedades desde fiscal\u00eda, no han tenido acceso a la causa, pero que este hecho debe aclararse para que no haya m\u00e1s desaparecidos en una comunidad tan peque\u00f1a como Armstrong.<\/p>\n","protected":false},"excerpt":{"rendered":"<p>El pasado martes 10 de febrero, a las 21hs se realiz\u00f3 una nueva marcha por la aparici\u00f3n del empresario desaparecido desde hace nueve meses Jorge Cejas. Como estaba previsto, los caminantes se reunieron en la Plaza Flotron y se dirigieron hasta la Plaza San Martin, en esta oportunidad contaron con la presencia del cura p\u00e1rroco <a href=\"https:\/\/armstrongyregion.com.ar\/diario\/nueva-marcha-por-la-aparicion-de-jorge-cejas\/\" title=\"Read more\" >&#8230;<\/a><\/p>\n","protected":false},"author":2,"featured_media":811,"comment_status":"open","ping_status":"open","sticky":false,"template":"","format":"standard","meta":{"_jetpack_memberships_contains_paid_content":false,"footnotes":"","jetpack_publicize_message":"","jetpack_publicize_feature_enabled":true,"jetpack_social_post_already_shared":false,"jetpack_social_options":{"image_generator_settings":{"template":"highway","default_image_id":0,"enabled":false},"version":2}},"categories":[1,2],"tags":[277,274,19,807,31,276,275,60],"class_list":["post-810","post","type-post","status-publish","format-standard","has-post-thumbnail","hentry","category-diario-armstrong","category-locales","tag-aparicion","tag-cejas","tag-de","tag-jorge","tag-la","tag-marcha","tag-nueva","tag-por"],"jetpack_publicize_connections":[],"jetpack_featured_media_url":"https:\/\/armstrongyregion.com.ar\/diario\/wp-content\/uploads\/2015\/02\/Tadeo-y-Notas-382.jpg","jetpack_shortlink":"https:\/\/wp.me\/p62QDO-d4","jetpack_sharing_enabled":true,"amp_enabled":true,"_links":{"self":[{"href":"https:\/\/armstrongyregion.com.ar\/diario\/wp-json\/wp\/v2\/posts\/810","targetHints":{"allow":["GET"]}}],"collection":[{"href":"https:\/\/armstrongyregion.com.ar\/diario\/wp-json\/wp\/v2\/posts"}],"about":[{"href":"https:\/\/armstrongyregion.com.ar\/diario\/wp-json\/wp\/v2\/types\/post"}],"author":[{"embeddable":true,"href":"https:\/\/armstrongyregion.com.ar\/diario\/wp-json\/wp\/v2\/users\/2"}],"replies":[{"embeddable":true,"href":"https:\/\/armstrongyregion.com.ar\/diario\/wp-json\/wp\/v2\/comments?post=810"}],"version-history":[{"count":0,"href":"https:\/\/armstrongyregion.com.ar\/diario\/wp-json\/wp\/v2\/posts\/810\/revisions"}],"wp:featuredmedia":[{"embeddable":true,"href":"https:\/\/armstrongyregion.com.ar\/diario\/wp-json\/wp\/v2\/media\/811"}],"wp:attachment":[{"href":"https:\/\/armstrongyregion.com.ar\/diario\/wp-json\/wp\/v2\/media?parent=810"}],"wp:term":[{"taxonomy":"category","embeddable":true,"href":"https:\/\/armstrongyregion.com.ar\/diario\/wp-json\/wp\/v2\/categories?post=810"},{"taxonomy":"post_tag","embeddable":true,"href":"https:\/\/armstrongyregion.com.ar\/diario\/wp-json\/wp\/v2\/tags?post=810"}],"curies":[{"name":"wp","href":"https:\/\/api.w.org\/{rel}","templated":true}]}}