{"id":8090,"date":"2016-06-02T00:25:55","date_gmt":"2016-06-02T00:25:55","guid":{"rendered":"https:\/\/armstrongyregion.com.ar\/diario\/?p=8090"},"modified":"2016-06-02T00:28:12","modified_gmt":"2016-06-02T00:28:12","slug":"daniela-perez-los-bloques-opositores-tratan-este-tema-con-mucha-liviandad","status":"publish","type":"post","link":"https:\/\/armstrongyregion.com.ar\/diario\/daniela-perez-los-bloques-opositores-tratan-este-tema-con-mucha-liviandad\/","title":{"rendered":"Daniela P\u00e9rez:\u201d Los bloques opositores tratan este tema con mucha liviandad\u201d."},"content":{"rendered":"<p><a href=\"http:\/\/armstrongyregion.com.ar\/diario\/wp-content\/uploads\/2016\/06\/daniela-perez-.jpg\"><img loading=\"lazy\" decoding=\"async\" src=\"http:\/\/armstrongyregion.com.ar\/diario\/wp-content\/uploads\/2016\/06\/daniela-perez-.jpg\" alt=\"daniela-perez-\" width=\"768\" height=\"512\" class=\"alignnone size-full wp-image-8091\" srcset=\"https:\/\/armstrongyregion.com.ar\/diario\/wp-content\/uploads\/2016\/06\/daniela-perez-.jpg 768w, https:\/\/armstrongyregion.com.ar\/diario\/wp-content\/uploads\/2016\/06\/daniela-perez--300x200.jpg 300w\" sizes=\"auto, (max-width: 768px) 100vw, 768px\" \/><\/a>La concejala del Frente Progresista C\u00edvico y Social, Daniela P\u00e9rez, tambi\u00e9n opino sobre el tema SEGURIDAD: \u201cSe ha generado un debate sobre los distintos bloques debido a la problem\u00e1tica que viene sufriendo nuestra ciudad. Si bien los bloques han presentado un proyecto sobre este tema, todos le dan un tono diferente\u201d.<br \/>\nP\u00e9rez continu\u00f3: \u201cDesde mi postura como oficialista me pareci\u00f3 un poco irresponsable ya que los bloques  opositores tratan a este tema con mucha liviandad, ellos dicen que no venden espejitos de colores pero generan psicosis en la gente ya que opinan que con una central de monitoreo se solucionan todos los problemas. Cuando esta no es la soluci\u00f3n definitiva. Lo \u00fanico que logra es desplazar el delito a otros barrios y  no es la soluci\u00f3n definitiva\u201d.<br \/>\nFinalmente expres\u00f3 que \u201cLa seguridad no depende del poder ejecutivo municipal ni mucho menos de estos concejales sino de la polic\u00eda y del poder judicial. Hoy nos toca a nosotros poner la cara y as\u00ed lo hacemos y hoy acompa\u00f1amos al intendente en una importante reuni\u00f3n con personal del ministerio de Seguridad\u201d.<\/p>\n","protected":false},"excerpt":{"rendered":"<p>La concejala del Frente Progresista C\u00edvico y Social, Daniela P\u00e9rez, tambi\u00e9n opino sobre el tema SEGURIDAD: \u201cSe ha generado un debate sobre los distintos bloques debido a la problem\u00e1tica que viene sufriendo nuestra ciudad. Si bien los bloques han presentado un proyecto sobre este tema, todos le dan un tono diferente\u201d. P\u00e9rez continu\u00f3: \u201cDesde mi <a href=\"https:\/\/armstrongyregion.com.ar\/diario\/daniela-perez-los-bloques-opositores-tratan-este-tema-con-mucha-liviandad\/\" title=\"Read more\" >&#8230;<\/a><\/p>\n","protected":false},"author":2,"featured_media":8091,"comment_status":"open","ping_status":"open","sticky":false,"template":"","format":"standard","meta":{"_jetpack_memberships_contains_paid_content":false,"footnotes":"","jetpack_publicize_message":"","jetpack_publicize_feature_enabled":true,"jetpack_social_post_already_shared":false,"jetpack_social_options":{"image_generator_settings":{"template":"highway","default_image_id":0,"enabled":false},"version":2}},"categories":[1,2,7],"tags":[2542,100,1794,162,4030,4028,736,1847,4029],"class_list":["post-8090","post","type-post","status-publish","format-standard","has-post-thumbnail","hentry","category-diario-armstrong","category-locales","category-politica","tag-bloques","tag-con","tag-daniela","tag-este","tag-liviandad","tag-opositores","tag-perez","tag-tema","tag-tratan"],"jetpack_publicize_connections":[],"jetpack_featured_media_url":"https:\/\/armstrongyregion.com.ar\/diario\/wp-content\/uploads\/2016\/06\/daniela-perez-.jpg","jetpack_shortlink":"https:\/\/wp.me\/p62QDO-26u","jetpack_sharing_enabled":true,"amp_enabled":true,"_links":{"self":[{"href":"https:\/\/armstrongyregion.com.ar\/diario\/wp-json\/wp\/v2\/posts\/8090","targetHints":{"allow":["GET"]}}],"collection":[{"href":"https:\/\/armstrongyregion.com.ar\/diario\/wp-json\/wp\/v2\/posts"}],"about":[{"href":"https:\/\/armstrongyregion.com.ar\/diario\/wp-json\/wp\/v2\/types\/post"}],"author":[{"embeddable":true,"href":"https:\/\/armstrongyregion.com.ar\/diario\/wp-json\/wp\/v2\/users\/2"}],"replies":[{"embeddable":true,"href":"https:\/\/armstrongyregion.com.ar\/diario\/wp-json\/wp\/v2\/comments?post=8090"}],"version-history":[{"count":0,"href":"https:\/\/armstrongyregion.com.ar\/diario\/wp-json\/wp\/v2\/posts\/8090\/revisions"}],"wp:featuredmedia":[{"embeddable":true,"href":"https:\/\/armstrongyregion.com.ar\/diario\/wp-json\/wp\/v2\/media\/8091"}],"wp:attachment":[{"href":"https:\/\/armstrongyregion.com.ar\/diario\/wp-json\/wp\/v2\/media?parent=8090"}],"wp:term":[{"taxonomy":"category","embeddable":true,"href":"https:\/\/armstrongyregion.com.ar\/diario\/wp-json\/wp\/v2\/categories?post=8090"},{"taxonomy":"post_tag","embeddable":true,"href":"https:\/\/armstrongyregion.com.ar\/diario\/wp-json\/wp\/v2\/tags?post=8090"}],"curies":[{"name":"wp","href":"https:\/\/api.w.org\/{rel}","templated":true}]}}