{"id":8081,"date":"2016-06-01T13:12:58","date_gmt":"2016-06-01T13:12:58","guid":{"rendered":"https:\/\/armstrongyregion.com.ar\/diario\/?p=8081"},"modified":"2016-06-01T13:12:58","modified_gmt":"2016-06-01T13:12:58","slug":"augusto-fischer-yo-creo-que-el-ejecutivo-no-puede-mirar-para-un-costado","status":"publish","type":"post","link":"https:\/\/armstrongyregion.com.ar\/diario\/augusto-fischer-yo-creo-que-el-ejecutivo-no-puede-mirar-para-un-costado\/","title":{"rendered":"Augusto Fischer: \u201cYo creo que el ejecutivo no puede mirar para un costado\u201d."},"content":{"rendered":"<p><a href=\"http:\/\/armstrongyregion.com.ar\/diario\/wp-content\/uploads\/2016\/06\/Augusto-Fischer-Concejal.jpg\"><img loading=\"lazy\" decoding=\"async\" src=\"http:\/\/armstrongyregion.com.ar\/diario\/wp-content\/uploads\/2016\/06\/Augusto-Fischer-Concejal.jpg\" alt=\"Augusto Fischer Concejal\" width=\"768\" height=\"538\" class=\"alignnone size-full wp-image-8082\" srcset=\"https:\/\/armstrongyregion.com.ar\/diario\/wp-content\/uploads\/2016\/06\/Augusto-Fischer-Concejal.jpg 768w, https:\/\/armstrongyregion.com.ar\/diario\/wp-content\/uploads\/2016\/06\/Augusto-Fischer-Concejal-300x210.jpg 300w\" sizes=\"auto, (max-width: 768px) 100vw, 768px\" \/><\/a>En la sesi\u00f3n del martes el tema que predomin\u00f3 debido a la secuencia de robos  acontecidos en los \u00faltimos d\u00edas en nuestra ciudad fue SEGURIDAD. Augusto Fischer nos dec\u00eda: \u201cYo exprese que no soy experto en seguridad y a eso lo aclare en la sesi\u00f3n, este es un tema muy sensible, como buen peronista nuestro fuerte es la obra p\u00fablica y la acci\u00f3n social\u201d<br \/>\nPero ac\u00e1 en el concejo hemos presentado varios proyectos en favor de la seguridad pero no somos ejecutivo.  Yo creo que el ejecutivo no puede mirar para un costado con eso de que es de la provincia, ac\u00e1 todos tienen que hacer algo. Ahora hay un problema a solucionar que es la frecuencia de robos y en casas de familia pero es recomendable que el intendente este siempre en contacto con el comisario\u201d.<\/p>\n","protected":false},"excerpt":{"rendered":"<p>En la sesi\u00f3n del martes el tema que predomin\u00f3 debido a la secuencia de robos acontecidos en los \u00faltimos d\u00edas en nuestra ciudad fue SEGURIDAD. Augusto Fischer nos dec\u00eda: \u201cYo exprese que no soy experto en seguridad y a eso lo aclare en la sesi\u00f3n, este es un tema muy sensible, como buen peronista nuestro <a href=\"https:\/\/armstrongyregion.com.ar\/diario\/augusto-fischer-yo-creo-que-el-ejecutivo-no-puede-mirar-para-un-costado\/\" title=\"Read more\" >&#8230;<\/a><\/p>\n","protected":false},"author":2,"featured_media":8082,"comment_status":"open","ping_status":"open","sticky":false,"template":"","format":"standard","meta":{"_jetpack_memberships_contains_paid_content":false,"footnotes":"","jetpack_publicize_message":"","jetpack_publicize_feature_enabled":true,"jetpack_social_post_already_shared":false,"jetpack_social_options":{"image_generator_settings":{"template":"highway","default_image_id":0,"enabled":false},"version":2}},"categories":[1,2,2852],"tags":[357,1043,1494,3062,96,286,81,1157],"class_list":["post-8081","post","type-post","status-publish","format-standard","has-post-thumbnail","hentry","category-diario-armstrong","category-locales","category-policiales","tag-ejecutivo","tag-fischer","tag-lado","tag-mirar","tag-no","tag-otro","tag-para","tag-puede"],"jetpack_publicize_connections":[],"jetpack_featured_media_url":"https:\/\/armstrongyregion.com.ar\/diario\/wp-content\/uploads\/2016\/06\/Augusto-Fischer-Concejal.jpg","jetpack_shortlink":"https:\/\/wp.me\/p62QDO-26l","jetpack_sharing_enabled":true,"amp_enabled":true,"_links":{"self":[{"href":"https:\/\/armstrongyregion.com.ar\/diario\/wp-json\/wp\/v2\/posts\/8081","targetHints":{"allow":["GET"]}}],"collection":[{"href":"https:\/\/armstrongyregion.com.ar\/diario\/wp-json\/wp\/v2\/posts"}],"about":[{"href":"https:\/\/armstrongyregion.com.ar\/diario\/wp-json\/wp\/v2\/types\/post"}],"author":[{"embeddable":true,"href":"https:\/\/armstrongyregion.com.ar\/diario\/wp-json\/wp\/v2\/users\/2"}],"replies":[{"embeddable":true,"href":"https:\/\/armstrongyregion.com.ar\/diario\/wp-json\/wp\/v2\/comments?post=8081"}],"version-history":[{"count":0,"href":"https:\/\/armstrongyregion.com.ar\/diario\/wp-json\/wp\/v2\/posts\/8081\/revisions"}],"wp:featuredmedia":[{"embeddable":true,"href":"https:\/\/armstrongyregion.com.ar\/diario\/wp-json\/wp\/v2\/media\/8082"}],"wp:attachment":[{"href":"https:\/\/armstrongyregion.com.ar\/diario\/wp-json\/wp\/v2\/media?parent=8081"}],"wp:term":[{"taxonomy":"category","embeddable":true,"href":"https:\/\/armstrongyregion.com.ar\/diario\/wp-json\/wp\/v2\/categories?post=8081"},{"taxonomy":"post_tag","embeddable":true,"href":"https:\/\/armstrongyregion.com.ar\/diario\/wp-json\/wp\/v2\/tags?post=8081"}],"curies":[{"name":"wp","href":"https:\/\/api.w.org\/{rel}","templated":true}]}}