{"id":8059,"date":"2016-05-31T12:00:20","date_gmt":"2016-05-31T12:00:20","guid":{"rendered":"https:\/\/armstrongyregion.com.ar\/diario\/?p=8059"},"modified":"2016-05-31T12:00:20","modified_gmt":"2016-05-31T12:00:20","slug":"hoy-en-deliberando-un-parlamentario-un-diputado-y-un-intendente","status":"publish","type":"post","link":"https:\/\/armstrongyregion.com.ar\/diario\/hoy-en-deliberando-un-parlamentario-un-diputado-y-un-intendente\/","title":{"rendered":"Hoy en Deliberando: Un Parlamentario, un Diputado y un intendente."},"content":{"rendered":"<p><a href=\"http:\/\/armstrongyregion.com.ar\/diario\/wp-content\/uploads\/2016\/05\/DSC_0571.jpg\"><img loading=\"lazy\" decoding=\"async\" src=\"http:\/\/armstrongyregion.com.ar\/diario\/wp-content\/uploads\/2016\/05\/DSC_0571-1024x683.jpg\" alt=\"Diego-Mansilla-\" width=\"800\" height=\"534\" class=\"alignnone size-large wp-image-8060\" srcset=\"https:\/\/armstrongyregion.com.ar\/diario\/wp-content\/uploads\/2016\/05\/DSC_0571-1024x683.jpg 1024w, https:\/\/armstrongyregion.com.ar\/diario\/wp-content\/uploads\/2016\/05\/DSC_0571-300x200.jpg 300w\" sizes=\"auto, (max-width: 800px) 100vw, 800px\" \/><\/a>En la noche del martes, Diego Mansilla Parlamentario del Mercosur, nos informara sobre Pol\u00edtica actual, proyectos presentados en la Sesi\u00f3n Ordinaria n\u00famero XXXVIII, experiencia en Eurolat y gestiones para promover la producci\u00f3n industrial y empleo.<br \/>\nEn un segundo bloque el Diputado Provincial del Frente Progresista C\u00edvico y Social Miguel Solis, presentara futuras obras para el Departamento Belgrano y proyectos a concretar durante este 2016.<br \/>\nFinalmente el intendente Javier Meyer, despu\u00e9s de un prologado conflicto municipal, afirma que esta con muchas ganas de trabajar por y para los rosenses.<br \/>\nEstos temas en DELIBERANDO, con la conducci\u00f3n de la licenciada Graciela de la Casa y Oscar Crispino.<br \/>\nCABLEIMAGENARMSTRONG. MARTES 21hs- REITERACION: MIERCOLES 13,30hs y DOMINGOS 13,30hs.<\/p>\n","protected":false},"excerpt":{"rendered":"<p>En la noche del martes, Diego Mansilla Parlamentario del Mercosur, nos informara sobre Pol\u00edtica actual, proyectos presentados en la Sesi\u00f3n Ordinaria n\u00famero XXXVIII, experiencia en Eurolat y gestiones para promover la producci\u00f3n industrial y empleo. En un segundo bloque el Diputado Provincial del Frente Progresista C\u00edvico y Social Miguel Solis, presentara futuras obras para el <a href=\"https:\/\/armstrongyregion.com.ar\/diario\/hoy-en-deliberando-un-parlamentario-un-diputado-y-un-intendente\/\" title=\"Read more\" >&#8230;<\/a><\/p>\n","protected":false},"author":2,"featured_media":8060,"comment_status":"open","ping_status":"open","sticky":false,"template":"","format":"standard","meta":{"_jetpack_memberships_contains_paid_content":false,"footnotes":"","jetpack_publicize_message":"","jetpack_publicize_feature_enabled":true,"jetpack_social_post_already_shared":false,"jetpack_social_options":{"image_generator_settings":{"template":"highway","default_image_id":0,"enabled":false},"version":2}},"categories":[1,2,7,3],"tags":[44,1458,802,2435],"class_list":["post-8059","post","type-post","status-publish","format-standard","has-post-thumbnail","hentry","category-diario-armstrong","category-locales","category-politica","category-region","tag-deliberando-2","tag-diputado","tag-intendente","tag-parlamentario"],"jetpack_publicize_connections":[],"jetpack_featured_media_url":"https:\/\/armstrongyregion.com.ar\/diario\/wp-content\/uploads\/2016\/05\/DSC_0571.jpg","jetpack_shortlink":"https:\/\/wp.me\/p62QDO-25Z","jetpack_sharing_enabled":true,"amp_enabled":true,"_links":{"self":[{"href":"https:\/\/armstrongyregion.com.ar\/diario\/wp-json\/wp\/v2\/posts\/8059","targetHints":{"allow":["GET"]}}],"collection":[{"href":"https:\/\/armstrongyregion.com.ar\/diario\/wp-json\/wp\/v2\/posts"}],"about":[{"href":"https:\/\/armstrongyregion.com.ar\/diario\/wp-json\/wp\/v2\/types\/post"}],"author":[{"embeddable":true,"href":"https:\/\/armstrongyregion.com.ar\/diario\/wp-json\/wp\/v2\/users\/2"}],"replies":[{"embeddable":true,"href":"https:\/\/armstrongyregion.com.ar\/diario\/wp-json\/wp\/v2\/comments?post=8059"}],"version-history":[{"count":0,"href":"https:\/\/armstrongyregion.com.ar\/diario\/wp-json\/wp\/v2\/posts\/8059\/revisions"}],"wp:featuredmedia":[{"embeddable":true,"href":"https:\/\/armstrongyregion.com.ar\/diario\/wp-json\/wp\/v2\/media\/8060"}],"wp:attachment":[{"href":"https:\/\/armstrongyregion.com.ar\/diario\/wp-json\/wp\/v2\/media?parent=8059"}],"wp:term":[{"taxonomy":"category","embeddable":true,"href":"https:\/\/armstrongyregion.com.ar\/diario\/wp-json\/wp\/v2\/categories?post=8059"},{"taxonomy":"post_tag","embeddable":true,"href":"https:\/\/armstrongyregion.com.ar\/diario\/wp-json\/wp\/v2\/tags?post=8059"}],"curies":[{"name":"wp","href":"https:\/\/api.w.org\/{rel}","templated":true}]}}