{"id":8055,"date":"2016-05-31T11:39:18","date_gmt":"2016-05-31T11:39:18","guid":{"rendered":"https:\/\/armstrongyregion.com.ar\/diario\/?p=8055"},"modified":"2016-05-31T11:39:18","modified_gmt":"2016-05-31T11:39:18","slug":"gran-convocatoria-en-reunion-de-camara-de-comercio-por-el-tema-seguridad","status":"publish","type":"post","link":"https:\/\/armstrongyregion.com.ar\/diario\/gran-convocatoria-en-reunion-de-camara-de-comercio-por-el-tema-seguridad\/","title":{"rendered":"Gran convocatoria en reunion de Camara de Comercio por el tema Seguridad."},"content":{"rendered":"<p><a href=\"http:\/\/armstrongyregion.com.ar\/diario\/wp-content\/uploads\/2016\/05\/camara-2-.jpg\"><img loading=\"lazy\" decoding=\"async\" src=\"http:\/\/armstrongyregion.com.ar\/diario\/wp-content\/uploads\/2016\/05\/camara-2-.jpg\" alt=\"camara-2-\" width=\"768\" height=\"576\" class=\"alignnone size-full wp-image-8056\" srcset=\"https:\/\/armstrongyregion.com.ar\/diario\/wp-content\/uploads\/2016\/05\/camara-2-.jpg 768w, https:\/\/armstrongyregion.com.ar\/diario\/wp-content\/uploads\/2016\/05\/camara-2--300x225.jpg 300w\" sizes=\"auto, (max-width: 768px) 100vw, 768px\" \/><\/a>Nutrida concurrencia a la reuni\u00f3n  convocada por la C\u00e1mara de Comercio, donde se trataron los recientes hechos de inseguridad sucedidos en la localidad.<\/p>\n<p>Al final de la reuni\u00f3n, tuvimos la presencia del  comisario  Blanco, quien mostro su gran preocupaci\u00f3n por lo acontecido.<\/p>\n<p>Adem\u00e1s, hemos sido convocados  para el d\u00eda de ma\u00f1ana martes 31 a las 13:00 Hs a una reuni\u00f3n en el sal\u00f3n San Mart\u00edn de  la Municipalidad,   con la gente del Ministerio de seguridad de la Pcia., el Sr. Armando Faraoni y el Sr Intendente Dr. Pablo Verdecchia, para tratar estos temas que tanto preocupan a la poblaci\u00f3n.<\/p>\n<p>Saludamos atentamente.<\/p>\n<p>C\u00e1mara de Comercio y Centro Comercial<\/p>\n","protected":false},"excerpt":{"rendered":"<p>Nutrida concurrencia a la reuni\u00f3n convocada por la C\u00e1mara de Comercio, donde se trataron los recientes hechos de inseguridad sucedidos en la localidad. Al final de la reuni\u00f3n, tuvimos la presencia del comisario Blanco, quien mostro su gran preocupaci\u00f3n por lo acontecido. Adem\u00e1s, hemos sido convocados para el d\u00eda de ma\u00f1ana martes 31 a las <a href=\"https:\/\/armstrongyregion.com.ar\/diario\/gran-convocatoria-en-reunion-de-camara-de-comercio-por-el-tema-seguridad\/\" title=\"Read more\" >&#8230;<\/a><\/p>\n","protected":false},"author":2,"featured_media":8056,"comment_status":"open","ping_status":"open","sticky":false,"template":"","format":"standard","meta":{"_jetpack_memberships_contains_paid_content":false,"footnotes":"","jetpack_publicize_message":"","jetpack_publicize_feature_enabled":true,"jetpack_social_post_already_shared":false,"jetpack_social_options":{"image_generator_settings":{"template":"highway","default_image_id":0,"enabled":false},"version":2}},"categories":[1,2,7,3],"tags":[1380,125,451,19,15,405,462],"class_list":["post-8055","post","type-post","status-publish","format-standard","has-post-thumbnail","hentry","category-diario-armstrong","category-locales","category-politica","category-region","tag-camara","tag-comercio","tag-convocatoria","tag-de","tag-en","tag-gran","tag-reunion"],"jetpack_publicize_connections":[],"jetpack_featured_media_url":"https:\/\/armstrongyregion.com.ar\/diario\/wp-content\/uploads\/2016\/05\/camara-2-.jpg","jetpack_shortlink":"https:\/\/wp.me\/p62QDO-25V","jetpack_sharing_enabled":true,"amp_enabled":true,"_links":{"self":[{"href":"https:\/\/armstrongyregion.com.ar\/diario\/wp-json\/wp\/v2\/posts\/8055","targetHints":{"allow":["GET"]}}],"collection":[{"href":"https:\/\/armstrongyregion.com.ar\/diario\/wp-json\/wp\/v2\/posts"}],"about":[{"href":"https:\/\/armstrongyregion.com.ar\/diario\/wp-json\/wp\/v2\/types\/post"}],"author":[{"embeddable":true,"href":"https:\/\/armstrongyregion.com.ar\/diario\/wp-json\/wp\/v2\/users\/2"}],"replies":[{"embeddable":true,"href":"https:\/\/armstrongyregion.com.ar\/diario\/wp-json\/wp\/v2\/comments?post=8055"}],"version-history":[{"count":0,"href":"https:\/\/armstrongyregion.com.ar\/diario\/wp-json\/wp\/v2\/posts\/8055\/revisions"}],"wp:featuredmedia":[{"embeddable":true,"href":"https:\/\/armstrongyregion.com.ar\/diario\/wp-json\/wp\/v2\/media\/8056"}],"wp:attachment":[{"href":"https:\/\/armstrongyregion.com.ar\/diario\/wp-json\/wp\/v2\/media?parent=8055"}],"wp:term":[{"taxonomy":"category","embeddable":true,"href":"https:\/\/armstrongyregion.com.ar\/diario\/wp-json\/wp\/v2\/categories?post=8055"},{"taxonomy":"post_tag","embeddable":true,"href":"https:\/\/armstrongyregion.com.ar\/diario\/wp-json\/wp\/v2\/tags?post=8055"}],"curies":[{"name":"wp","href":"https:\/\/api.w.org\/{rel}","templated":true}]}}