{"id":8046,"date":"2016-05-31T11:19:57","date_gmt":"2016-05-31T11:19:57","guid":{"rendered":"https:\/\/armstrongyregion.com.ar\/diario\/?p=8046"},"modified":"2016-05-31T11:19:57","modified_gmt":"2016-05-31T11:19:57","slug":"canada-de-gomez-gripe-a-aconsejan-reforzar-las-medidas-preventivas","status":"publish","type":"post","link":"https:\/\/armstrongyregion.com.ar\/diario\/canada-de-gomez-gripe-a-aconsejan-reforzar-las-medidas-preventivas\/","title":{"rendered":"Ca\u00f1ada de G\u00f3mez. Gripe A: Aconsejan reforzar las medidas preventivas."},"content":{"rendered":"<p><a href=\"http:\/\/armstrongyregion.com.ar\/diario\/wp-content\/uploads\/2016\/05\/Hospital-2.jpg\"><img loading=\"lazy\" decoding=\"async\" src=\"http:\/\/armstrongyregion.com.ar\/diario\/wp-content\/uploads\/2016\/05\/Hospital-2.jpg\" alt=\"Hospital (2)\" width=\"768\" height=\"576\" class=\"alignnone size-full wp-image-8047\" srcset=\"https:\/\/armstrongyregion.com.ar\/diario\/wp-content\/uploads\/2016\/05\/Hospital-2.jpg 768w, https:\/\/armstrongyregion.com.ar\/diario\/wp-content\/uploads\/2016\/05\/Hospital-2-300x225.jpg 300w\" sizes=\"auto, (max-width: 768px) 100vw, 768px\" \/><\/a>\u201cNo hay que alarmarse, lo que recomendamos es reforzar todas las medidas de prevenci\u00f3n\u201d manifest\u00f3 la directora Ver\u00f3nica Mosconi. Tanto el Hospital San Jos\u00e9 como todos los Centros de Atenci\u00f3n Primaria de la Salud cuentan con vacunas disponibles.<\/p>\n<p>FUENTE: PERIODICO EL INFORME DE LA CIUDAD (CA\u00d1ADA DE GOMEZ)<br \/>\nLa directora del Hospital San Jos\u00e9 de Ca\u00f1ada de G\u00f3mez, Ver\u00f3nica Mosconi, dej\u00f3 en claro que en nuestra ciudad todav\u00eda no se han manifestado casos de influenza, y desde el Hospital recomiendan tomar todas las medidas preventivas.<br \/>\n\u00bfAtendieron pacientes con Gripe A?<br \/>\nV.M.: En realidad por el momento no tenemos casos identificados o casos positivos de Influenza, lo que s\u00ed obviamente estamos viendo desde el nivel nacional como provincial que el virus se ha adelantado en relaci\u00f3n al a\u00f1o anterior por lo que insistimos en que tomen las medidas de precauci\u00f3n correspondiente.<br \/>\n\u00bfEst\u00e1n trabajando para adelantarse a los posibles casos?<br \/>\nV.M.: Obviamente no queremos generar ninguna pauta de alarma. Hoy estamos trabajando con un grupo de profesionales, referentes de los servicios, para poder consensuar los criterios que tienen que ver con cuestiones cl\u00ednicas, criterios de internaci\u00f3n, esto atravesado a la complejidad de d\u00e9ficit de camas en la atenci\u00f3n, hay que tener criterio para ver cu\u00e1les son los casos que se van a internar y cu\u00e1les no. Apuntamos a tener un criterio unificado y ser consciente a la hora de petici\u00f3n de la vacuna, porque quiz\u00e1s ante una pauta de alarma todos quieren vacunarse y no es necesario si no hay factores de riesgo.<br \/>\n\u00bfEs indispensable vacunarse con la influenza?<br \/>\nV.M.: Queremos ser conscientes porque uno como ciudadano visita al m\u00e9dico para que prescriba la vacunaci\u00f3n, ellos lo hacen y a lo mejor no es necesario. La Direcci\u00f3n de Epidemiolog\u00eda tambi\u00e9n se est\u00e1 ocupando de esto considerando que seamos conscientes a la hora, sobre todo los m\u00e9dicos, de indicar la vacunaci\u00f3n.<br \/>\n\u00bfTienen vacunas en el Hospital?<br \/>\nV.M.: En este momento contamos con vacunas tanto en el Hospital como en todos los Centros de Atenci\u00f3n Primaria de la Salud, por otro lado la toma de muestras s\u00f3lo se est\u00e1 haciendo a personas con factores de riesgo o en aquellos casos que se encuentran internados con alguna dificultad respiratoria severa. La primera vacunaci\u00f3n vino para los trabajadores de la salud.<br \/>\n\u00bfCu\u00e1l es la metodolog\u00eda para la toma de muestras?<br \/>\nV.M.: La metodolog\u00eda es la misma, tanto el p\u00fablico como el privado, por eso en la reuni\u00f3n que tuvimos asistieron referentes del \u00e1mbito p\u00fablico como privado para socializar la informaci\u00f3n. Se analiza v\u00eda hospital p\u00fablico, nosotros enviamos al CEMAR y de ah\u00ed se viabiliza.<br \/>\n\u00bfEn la zona se detectaron casos de Gripe A?<br \/>\nV.M.: Nosotros no lo tenemos confirmados, por lo menos que hayan sido atendidos en el \u00e1mbito local, como s\u00ed hemos recibido casos positivos de dengue. La Direcci\u00f3n de Epidemiolog\u00eda nos comunica personalmente a nosotros para poder tomar las medidas de prevenci\u00f3n.<br \/>\n\u00bfEs diferente una gripe com\u00fan a la Gripe A (H1N1)?<br \/>\nV.M.: Son diferentes, los s\u00edntomas son distintos, la influenza tiene fiebre intensa, dolor muscular, dolor en los ojos, lagrimeo y la dificultad respiratoria, los m\u00e9dicos saben identificar muy bien entre una gripe com\u00fan y una gripe H1N1. En el caso que el paciente pueda ser ambulatorio se trata con la medicaci\u00f3n y si requiere internaci\u00f3n se lo hace y se realiza la muestra. La circulaci\u00f3n del virus est\u00e1 en todos lados, lo importante es realizar las medidas preventivas como corresponde. Hay que tomar las medidas necesarias como tambi\u00e9n hacemos con otras patolog\u00edas como el dengue. No hay que alarmarse, si hay factores de riesgo, hay que vacunarse.<\/p>\n<p>MEDIDAS PREVENTIVAS<br \/>\n-Estimular la lactancia materna y no suspenderla aunque la madre est\u00e9 enferma con un cuadro respiratorio. La prevenci\u00f3n de la mayor\u00eda de las enfermedades empieza con la lactancia materna que transmite las defensas para enfrentarlas con mejores condiciones.<br \/>\n-Tener el esquema de vacunaci\u00f3n al d\u00eda. Se recuerda que los ni\u00f1os menores a dos a\u00f1os deben recibir las vacunas BCG y anti hepatitis B (al nacer), sabin, pentavalente, antineumoc\u00f3cica 13 valente, rotavirus, triple viral, anti hepatitis-A, varicela y, entre seis meses y dos a\u00f1os, dos dosis de vacuna antigripal.<br \/>\n-Generar ambientes libres de t\u00f3xicos: evitar el humo de cigarrillo que disminuye el funcionamiento de las defensas del aparato respiratorio en los ni\u00f1os m\u00e1s peque\u00f1os y no fumar en espacios cerrados. Cuidar el aire interior de las viviendas tambi\u00e9n requiere evitar el humo de le\u00f1a, ventilar las habitaciones donde hay brasas o una llama porque producen un gas t\u00f3xico, cuidar la casa del moho y la humedad para prevenir el desarrollo de bacterias y evitar la aplicaci\u00f3n de insecticidas en aerosol.<br \/>\n-Lavarse frecuentemente las manos al regresar a la casa.<br \/>\n-Evitar llevar los ni\u00f1os a ambientes cerrados con mucha gente: en estos espacios se favorece el contagio de infecciones respiratorias.<br \/>\n-Consultar inmediatamente si el ni\u00f1o est\u00e1 enfermo, bajarle la fiebre con paracetamol y concurrir a un efector cercano al domicilio. Prestar atenci\u00f3n a los signos de alarma es la mejor manera de detectar y tratar a tiempo las infecciones respiratorias impidiendo que se agraven.<\/p>\n","protected":false},"excerpt":{"rendered":"<p>\u201cNo hay que alarmarse, lo que recomendamos es reforzar todas las medidas de prevenci\u00f3n\u201d manifest\u00f3 la directora Ver\u00f3nica Mosconi. Tanto el Hospital San Jos\u00e9 como todos los Centros de Atenci\u00f3n Primaria de la Salud cuentan con vacunas disponibles. FUENTE: PERIODICO EL INFORME DE LA CIUDAD (CA\u00d1ADA DE GOMEZ) La directora del Hospital San Jos\u00e9 de <a href=\"https:\/\/armstrongyregion.com.ar\/diario\/canada-de-gomez-gripe-a-aconsejan-reforzar-las-medidas-preventivas\/\" title=\"Read more\" >&#8230;<\/a><\/p>\n","protected":false},"author":2,"featured_media":8047,"comment_status":"open","ping_status":"open","sticky":false,"template":"","format":"standard","meta":{"_jetpack_memberships_contains_paid_content":false,"footnotes":"","jetpack_publicize_message":"","jetpack_publicize_feature_enabled":true,"jetpack_social_post_already_shared":false,"jetpack_social_options":{"image_generator_settings":{"template":"highway","default_image_id":0,"enabled":false},"version":2}},"categories":[1,4,3],"tags":[33,4019,1833,3364,4020],"class_list":["post-8046","post","type-post","status-publish","format-standard","has-post-thumbnail","hentry","category-diario-armstrong","category-prevencion-salud","category-region","tag-a","tag-aconsejan","tag-gripe","tag-medidas","tag-preventivas"],"jetpack_publicize_connections":[],"jetpack_featured_media_url":"https:\/\/armstrongyregion.com.ar\/diario\/wp-content\/uploads\/2016\/05\/Hospital-2.jpg","jetpack_shortlink":"https:\/\/wp.me\/p62QDO-25M","jetpack_sharing_enabled":true,"amp_enabled":true,"_links":{"self":[{"href":"https:\/\/armstrongyregion.com.ar\/diario\/wp-json\/wp\/v2\/posts\/8046","targetHints":{"allow":["GET"]}}],"collection":[{"href":"https:\/\/armstrongyregion.com.ar\/diario\/wp-json\/wp\/v2\/posts"}],"about":[{"href":"https:\/\/armstrongyregion.com.ar\/diario\/wp-json\/wp\/v2\/types\/post"}],"author":[{"embeddable":true,"href":"https:\/\/armstrongyregion.com.ar\/diario\/wp-json\/wp\/v2\/users\/2"}],"replies":[{"embeddable":true,"href":"https:\/\/armstrongyregion.com.ar\/diario\/wp-json\/wp\/v2\/comments?post=8046"}],"version-history":[{"count":0,"href":"https:\/\/armstrongyregion.com.ar\/diario\/wp-json\/wp\/v2\/posts\/8046\/revisions"}],"wp:featuredmedia":[{"embeddable":true,"href":"https:\/\/armstrongyregion.com.ar\/diario\/wp-json\/wp\/v2\/media\/8047"}],"wp:attachment":[{"href":"https:\/\/armstrongyregion.com.ar\/diario\/wp-json\/wp\/v2\/media?parent=8046"}],"wp:term":[{"taxonomy":"category","embeddable":true,"href":"https:\/\/armstrongyregion.com.ar\/diario\/wp-json\/wp\/v2\/categories?post=8046"},{"taxonomy":"post_tag","embeddable":true,"href":"https:\/\/armstrongyregion.com.ar\/diario\/wp-json\/wp\/v2\/tags?post=8046"}],"curies":[{"name":"wp","href":"https:\/\/api.w.org\/{rel}","templated":true}]}}