{"id":8035,"date":"2016-05-30T16:16:12","date_gmt":"2016-05-30T16:16:12","guid":{"rendered":"https:\/\/armstrongyregion.com.ar\/diario\/?p=8035"},"modified":"2016-05-30T16:16:12","modified_gmt":"2016-05-30T16:16:12","slug":"armstrong-allanamiento-en-calle-gerling-al-1500","status":"publish","type":"post","link":"https:\/\/armstrongyregion.com.ar\/diario\/armstrong-allanamiento-en-calle-gerling-al-1500\/","title":{"rendered":"Armstrong. Allanamiento en calle Gerling al 1500."},"content":{"rendered":"<p><a href=\"http:\/\/armstrongyregion.com.ar\/diario\/wp-content\/uploads\/2016\/05\/allanamiento-.jpg\"><img loading=\"lazy\" decoding=\"async\" src=\"http:\/\/armstrongyregion.com.ar\/diario\/wp-content\/uploads\/2016\/05\/allanamiento-.jpg\" alt=\"allanamiento-\" width=\"768\" height=\"431\" class=\"alignnone size-full wp-image-8036\" srcset=\"https:\/\/armstrongyregion.com.ar\/diario\/wp-content\/uploads\/2016\/05\/allanamiento-.jpg 768w, https:\/\/armstrongyregion.com.ar\/diario\/wp-content\/uploads\/2016\/05\/allanamiento--300x168.jpg 300w\" sizes=\"auto, (max-width: 768px) 100vw, 768px\" \/><\/a>\u00daltimo momento! Allanamiento en calle Gerling al 1500. Habr\u00eda dado resultado positivo, relacionado a los \u00faltimos hechos de robo en nuestra ciudad. Habr\u00eda un joven detenido. Ampliaremos.<\/p>\n","protected":false},"excerpt":{"rendered":"<p>\u00daltimo momento! Allanamiento en calle Gerling al 1500. Habr\u00eda dado resultado positivo, relacionado a los \u00faltimos hechos de robo en nuestra ciudad. Habr\u00eda un joven detenido. Ampliaremos.<\/p>\n","protected":false},"author":2,"featured_media":8036,"comment_status":"open","ping_status":"open","sticky":false,"template":"","format":"standard","meta":{"_jetpack_memberships_contains_paid_content":false,"footnotes":"","jetpack_publicize_message":"","jetpack_publicize_feature_enabled":true,"jetpack_social_post_already_shared":false,"jetpack_social_options":{"image_generator_settings":{"template":"highway","default_image_id":0,"enabled":false},"version":2}},"categories":[1,2,2852],"tags":[3377,179,3225,20,345,15,4018],"class_list":["post-8035","post","type-post","status-publish","format-standard","has-post-thumbnail","hentry","category-diario-armstrong","category-locales","category-policiales","tag-3377","tag-al","tag-allanamiento","tag-armstrong","tag-calle","tag-en","tag-gerlim"],"jetpack_publicize_connections":[],"jetpack_featured_media_url":"https:\/\/armstrongyregion.com.ar\/diario\/wp-content\/uploads\/2016\/05\/allanamiento-.jpg","jetpack_shortlink":"https:\/\/wp.me\/p62QDO-25B","jetpack_sharing_enabled":true,"amp_enabled":true,"_links":{"self":[{"href":"https:\/\/armstrongyregion.com.ar\/diario\/wp-json\/wp\/v2\/posts\/8035","targetHints":{"allow":["GET"]}}],"collection":[{"href":"https:\/\/armstrongyregion.com.ar\/diario\/wp-json\/wp\/v2\/posts"}],"about":[{"href":"https:\/\/armstrongyregion.com.ar\/diario\/wp-json\/wp\/v2\/types\/post"}],"author":[{"embeddable":true,"href":"https:\/\/armstrongyregion.com.ar\/diario\/wp-json\/wp\/v2\/users\/2"}],"replies":[{"embeddable":true,"href":"https:\/\/armstrongyregion.com.ar\/diario\/wp-json\/wp\/v2\/comments?post=8035"}],"version-history":[{"count":0,"href":"https:\/\/armstrongyregion.com.ar\/diario\/wp-json\/wp\/v2\/posts\/8035\/revisions"}],"wp:featuredmedia":[{"embeddable":true,"href":"https:\/\/armstrongyregion.com.ar\/diario\/wp-json\/wp\/v2\/media\/8036"}],"wp:attachment":[{"href":"https:\/\/armstrongyregion.com.ar\/diario\/wp-json\/wp\/v2\/media?parent=8035"}],"wp:term":[{"taxonomy":"category","embeddable":true,"href":"https:\/\/armstrongyregion.com.ar\/diario\/wp-json\/wp\/v2\/categories?post=8035"},{"taxonomy":"post_tag","embeddable":true,"href":"https:\/\/armstrongyregion.com.ar\/diario\/wp-json\/wp\/v2\/tags?post=8035"}],"curies":[{"name":"wp","href":"https:\/\/api.w.org\/{rel}","templated":true}]}}