{"id":8032,"date":"2016-05-30T16:03:07","date_gmt":"2016-05-30T16:03:07","guid":{"rendered":"https:\/\/armstrongyregion.com.ar\/diario\/?p=8032"},"modified":"2016-05-30T16:03:07","modified_gmt":"2016-05-30T16:03:07","slug":"unas-encarnadas-por-lorena-fernandez","status":"publish","type":"post","link":"https:\/\/armstrongyregion.com.ar\/diario\/unas-encarnadas-por-lorena-fernandez\/","title":{"rendered":"U\u00f1as encarnadas. Por Lorena Fern\u00e1ndez."},"content":{"rendered":"<p><a href=\"http:\/\/armstrongyregion.com.ar\/diario\/wp-content\/uploads\/2016\/05\/Lorena-2.jpg\"><img loading=\"lazy\" decoding=\"async\" src=\"http:\/\/armstrongyregion.com.ar\/diario\/wp-content\/uploads\/2016\/05\/Lorena-2.jpg\" alt=\"Lorena-2\" width=\"768\" height=\"448\" class=\"alignnone size-full wp-image-8033\" srcset=\"https:\/\/armstrongyregion.com.ar\/diario\/wp-content\/uploads\/2016\/05\/Lorena-2.jpg 768w, https:\/\/armstrongyregion.com.ar\/diario\/wp-content\/uploads\/2016\/05\/Lorena-2-300x175.jpg 300w\" sizes=\"auto, (max-width: 768px) 100vw, 768px\" \/><\/a>La u\u00f1a encarnada se produce cuando los lados o bordes de la u\u00f1a del pie se meten en la piel, causando dolor, hinchaz\u00f3n y enrojecimiento. La u\u00f1a se introduce en los pliegues ungueales laterales, provocando una reacci\u00f3n de cuerpo extra\u00f1o.<br \/>\nLa u\u00f1a encarnada es una afecci\u00f3n muy com\u00fan que puede llegar a ser muy dolorosa.<br \/>\nEs conveniente acudir al pod\u00f3logo ante los primeros s\u00edntomas de dolor, para quitar la esp\u00edcula cuanto antes. Ya que, si dejamos que vaya a m\u00e1s, puede acabar complic\u00e1ndose con una infecci\u00f3n de peores consecuencias, produci\u00e9ndose un cuadro muy doloroso.<br \/>\n\u00bfQu\u00e9 ocasiona una U\u00f1a Encarnada? :<br \/>\nEl uso de un calzado inadecuado:<br \/>\nPrincipalmente llevar al pie un calzado demasiado estrecho o acabado en punta (ya que comprimimos las u\u00f1as del pie).<br \/>\nCalzar nuestros pies con un calzado demasiado corto (ser\u00e1 la causa que golpee directamente en las u\u00f1as de nuestros pies).<br \/>\nUtilizar un calzado demasiado largo hace que el pie vaya \u201cbailando\u201d dentro del zapato, produciendo microtraumatismos de repetici\u00f3n en la u\u00f1a que pueden provocar que se claven o que aparezca un hematoma subungueal, quedando de color negra durante varios meses.<br \/>\nCortarse las u\u00f1as de los pies de forma inadecuada: provoca que sea una causa para aumentar el riesgo de que aparezca la u\u00f1a encarnada al cortar los bordes de la u\u00f1a en forma redondeada y demasiado cortas. Lo aconsejable es cortar las u\u00f1as m\u00e1s bien rectas, dejando visible las esquinas de la u\u00f1a para que no se claven en la piel. Tambi\u00e9n pueden clavarse en el dedo del pie, trozos de u\u00f1a rota que no se cort\u00f3 bien.<br \/>\nMalformaciones de las u\u00f1as de car\u00e1cter hereditario (u\u00f1as en forma de teja o u\u00f1as demasiado curvas, etc..)<br \/>\nS\u00edntomas de la u\u00f1a encarnada:<br \/>\nCuando tratamos a nuestros pacientes tanto en nuestra cl\u00ednica de Alicante o fuera de ella, encontramos los siguientes s\u00edntomas:<br \/>\nNotar dolor en un dedo del pie al tocar el borde de la u\u00f1a o al caminar.<br \/>\nApreciar dolor, enrojecimiento e inflamaci\u00f3n (engrosamiento de la carne en el borde del dedo del pie donde se clava).<br \/>\nSi se produce una sobreinfecci\u00f3n de la zona del dedo del pie, puede aparecer un absceso. Si esta infecci\u00f3n avanza, cronific\u00e1ndose ,puede aparecer un granuloma pyogenico (la carne en esa zona del dedo del pie, aparece de color rojo ).<br \/>\nTratamiento de la u\u00f1a encarnada:<br \/>\nSiempre el tratamiento de la u\u00f1a encarnada deber\u00eda realizarlo el pod\u00f3logo, que es el profesional especializado en las afecciones y deformidades del pie. En primer lugar, se desinfecta la zona del dedo del pie y se procede a desencarnar la u\u00f1a del pie con alicates especiales de u\u00f1a encarnada y\/o bistur\u00ed. Despu\u00e9s, se hace una cura aplicando antibi\u00f3tico t\u00f3pico y vendaje tubular. En algunos casos, puede hacerse necesario el uso de antibi\u00f3ticos por v\u00eda oral, antes y\/o despu\u00e9s de acudir a consulta del podologo.<br \/>\nCuando la u\u00f1a del pie vuelva a crecer, se realizar\u00e1 el corte correcto para evitar recidivas.<br \/>\nCuando el problema de u\u00f1a encarnada es muy leve y se encuentra en el inicio, es aconsejable poner el pie a remojo en agua tibia con un pu\u00f1ado de sal (sal com\u00fan que se emplea en cocina), durante unos 20 minutos. Posteriormente, introducir debajo del dedo del pie afectado, un trozo min\u00fasculo de algod\u00f3n mojado en alcohol, para que la u\u00f1a empuje hacia arriba y no termine clav\u00e1ndose.<br \/>\nPREVENCI\u00d3N: Evitar cortar los bordes laterales de la u\u00f1a del pie y usar calzado amplio.<br \/>\nFuente: Programa Prevencion y Salud. Lorena Fern\u00e1ndez. Pod\u00f3loga.<br \/>\nPrograma Tv. Prevenci\u00f3n y Salud. Lunes 30 de mayo 13,30hs.<br \/>\nReiteraci\u00f3n: Jueves 20hs y s\u00e1bado 12,30hs<\/p>\n","protected":false},"excerpt":{"rendered":"<p>La u\u00f1a encarnada se produce cuando los lados o bordes de la u\u00f1a del pie se meten en la piel, causando dolor, hinchaz\u00f3n y enrojecimiento. La u\u00f1a se introduce en los pliegues ungueales laterales, provocando una reacci\u00f3n de cuerpo extra\u00f1o. La u\u00f1a encarnada es una afecci\u00f3n muy com\u00fan que puede llegar a ser muy dolorosa. <a href=\"https:\/\/armstrongyregion.com.ar\/diario\/unas-encarnadas-por-lorena-fernandez\/\" title=\"Read more\" >&#8230;<\/a><\/p>\n","protected":false},"author":2,"featured_media":8033,"comment_status":"open","ping_status":"open","sticky":false,"template":"","format":"standard","meta":{"_jetpack_memberships_contains_paid_content":false,"footnotes":"","jetpack_publicize_message":"","jetpack_publicize_feature_enabled":true,"jetpack_social_post_already_shared":false,"jetpack_social_options":{"image_generator_settings":{"template":"highway","default_image_id":0,"enabled":false},"version":2}},"categories":[1,2,4,3],"tags":[4015,4017,4016,60,4014],"class_list":["post-8032","post","type-post","status-publish","format-standard","has-post-thumbnail","hentry","category-diario-armstrong","category-locales","category-prevencion-salud","category-region","tag-encarnadas","tag-fernandez","tag-lorena","tag-por","tag-unas"],"jetpack_publicize_connections":[],"jetpack_featured_media_url":"https:\/\/armstrongyregion.com.ar\/diario\/wp-content\/uploads\/2016\/05\/Lorena-2.jpg","jetpack_shortlink":"https:\/\/wp.me\/p62QDO-25y","jetpack_sharing_enabled":true,"amp_enabled":true,"_links":{"self":[{"href":"https:\/\/armstrongyregion.com.ar\/diario\/wp-json\/wp\/v2\/posts\/8032","targetHints":{"allow":["GET"]}}],"collection":[{"href":"https:\/\/armstrongyregion.com.ar\/diario\/wp-json\/wp\/v2\/posts"}],"about":[{"href":"https:\/\/armstrongyregion.com.ar\/diario\/wp-json\/wp\/v2\/types\/post"}],"author":[{"embeddable":true,"href":"https:\/\/armstrongyregion.com.ar\/diario\/wp-json\/wp\/v2\/users\/2"}],"replies":[{"embeddable":true,"href":"https:\/\/armstrongyregion.com.ar\/diario\/wp-json\/wp\/v2\/comments?post=8032"}],"version-history":[{"count":0,"href":"https:\/\/armstrongyregion.com.ar\/diario\/wp-json\/wp\/v2\/posts\/8032\/revisions"}],"wp:featuredmedia":[{"embeddable":true,"href":"https:\/\/armstrongyregion.com.ar\/diario\/wp-json\/wp\/v2\/media\/8033"}],"wp:attachment":[{"href":"https:\/\/armstrongyregion.com.ar\/diario\/wp-json\/wp\/v2\/media?parent=8032"}],"wp:term":[{"taxonomy":"category","embeddable":true,"href":"https:\/\/armstrongyregion.com.ar\/diario\/wp-json\/wp\/v2\/categories?post=8032"},{"taxonomy":"post_tag","embeddable":true,"href":"https:\/\/armstrongyregion.com.ar\/diario\/wp-json\/wp\/v2\/tags?post=8032"}],"curies":[{"name":"wp","href":"https:\/\/api.w.org\/{rel}","templated":true}]}}