{"id":8029,"date":"2016-05-30T02:59:16","date_gmt":"2016-05-30T02:59:16","guid":{"rendered":"https:\/\/armstrongyregion.com.ar\/diario\/?p=8029"},"modified":"2016-05-30T02:59:16","modified_gmt":"2016-05-30T02:59:16","slug":"rasetto-y-el-ministro-de-la-produccion-visitaron-vitrofin","status":"publish","type":"post","link":"https:\/\/armstrongyregion.com.ar\/diario\/rasetto-y-el-ministro-de-la-produccion-visitaron-vitrofin\/","title":{"rendered":"Rasetto y el ministro de la Producci\u00f3n visitaron Vitrofin."},"content":{"rendered":"<p><a href=\"http:\/\/armstrongyregion.com.ar\/diario\/wp-content\/uploads\/2016\/05\/Rassetto-Vitrofin-.jpg\"><img loading=\"lazy\" decoding=\"async\" src=\"http:\/\/armstrongyregion.com.ar\/diario\/wp-content\/uploads\/2016\/05\/Rassetto-Vitrofin-.jpg\" alt=\"Rassetto-Vitrofin-\" width=\"768\" height=\"576\" class=\"alignnone size-full wp-image-8030\" srcset=\"https:\/\/armstrongyregion.com.ar\/diario\/wp-content\/uploads\/2016\/05\/Rassetto-Vitrofin-.jpg 768w, https:\/\/armstrongyregion.com.ar\/diario\/wp-content\/uploads\/2016\/05\/Rassetto-Vitrofin--300x225.jpg 300w\" sizes=\"auto, (max-width: 768px) 100vw, 768px\" \/><\/a>Ambos estuvieron presentes en las instalaciones de la cooperativa de Ca\u00f1ada de G\u00f3mez, donde adem\u00e1s de recorrer todo el circuito de producci\u00f3n de la planta, se abord\u00f3 la problem\u00e1tica por los aumentos en la provisi\u00f3n de gas que ponen en riesgo la estabilidad de la empresa.<\/p>\n<p>Finalizado el encuentro con los representantes de Vitrofin, tanto Rasetto como el ministro de la Producci\u00f3n Luis Contigiani remarcaron el compromiso asumido para acompa\u00f1ar y asistir a la empresa para que pueda continuar con su producci\u00f3n, haciendo hincapi\u00e9 en \u201cmantener los puestos de trabajo y el sustento de muchas familias\u201d.<\/p>\n<p>El senador Rasetto agreg\u00f3 que \u201ceste tipo de encuentros sirven para estrechar el di\u00e1logo, y elaborar en conjunto las medidas y soluciones que alivien la situaci\u00f3n de Vitrofin, sobre la base de conocer de primera mano cu\u00e1les son las necesidades de la cooperativa en este momento\u201d.<\/p>\n","protected":false},"excerpt":{"rendered":"<p>Ambos estuvieron presentes en las instalaciones de la cooperativa de Ca\u00f1ada de G\u00f3mez, donde adem\u00e1s de recorrer todo el circuito de producci\u00f3n de la planta, se abord\u00f3 la problem\u00e1tica por los aumentos en la provisi\u00f3n de gas que ponen en riesgo la estabilidad de la empresa. Finalizado el encuentro con los representantes de Vitrofin, tanto <a href=\"https:\/\/armstrongyregion.com.ar\/diario\/rasetto-y-el-ministro-de-la-produccion-visitaron-vitrofin\/\" title=\"Read more\" >&#8230;<\/a><\/p>\n","protected":false},"author":2,"featured_media":8030,"comment_status":"open","ping_status":"open","sticky":false,"template":"","format":"standard","meta":{"_jetpack_memberships_contains_paid_content":false,"footnotes":"","jetpack_publicize_message":"","jetpack_publicize_feature_enabled":true,"jetpack_social_post_already_shared":false,"jetpack_social_options":{"image_generator_settings":{"template":"highway","default_image_id":0,"enabled":false},"version":2}},"categories":[1,7,3],"tags":[19,16,1189,282,4013,1165,3943,13],"class_list":["post-8029","post","type-post","status-publish","format-standard","has-post-thumbnail","hentry","category-diario-armstrong","category-politica","category-region","tag-de","tag-el","tag-ministro","tag-produccion","tag-rasseto","tag-visitaron","tag-vitrofin","tag-y"],"jetpack_publicize_connections":[],"jetpack_featured_media_url":"https:\/\/armstrongyregion.com.ar\/diario\/wp-content\/uploads\/2016\/05\/Rassetto-Vitrofin-.jpg","jetpack_shortlink":"https:\/\/wp.me\/p62QDO-25v","jetpack_sharing_enabled":true,"amp_enabled":true,"_links":{"self":[{"href":"https:\/\/armstrongyregion.com.ar\/diario\/wp-json\/wp\/v2\/posts\/8029","targetHints":{"allow":["GET"]}}],"collection":[{"href":"https:\/\/armstrongyregion.com.ar\/diario\/wp-json\/wp\/v2\/posts"}],"about":[{"href":"https:\/\/armstrongyregion.com.ar\/diario\/wp-json\/wp\/v2\/types\/post"}],"author":[{"embeddable":true,"href":"https:\/\/armstrongyregion.com.ar\/diario\/wp-json\/wp\/v2\/users\/2"}],"replies":[{"embeddable":true,"href":"https:\/\/armstrongyregion.com.ar\/diario\/wp-json\/wp\/v2\/comments?post=8029"}],"version-history":[{"count":0,"href":"https:\/\/armstrongyregion.com.ar\/diario\/wp-json\/wp\/v2\/posts\/8029\/revisions"}],"wp:featuredmedia":[{"embeddable":true,"href":"https:\/\/armstrongyregion.com.ar\/diario\/wp-json\/wp\/v2\/media\/8030"}],"wp:attachment":[{"href":"https:\/\/armstrongyregion.com.ar\/diario\/wp-json\/wp\/v2\/media?parent=8029"}],"wp:term":[{"taxonomy":"category","embeddable":true,"href":"https:\/\/armstrongyregion.com.ar\/diario\/wp-json\/wp\/v2\/categories?post=8029"},{"taxonomy":"post_tag","embeddable":true,"href":"https:\/\/armstrongyregion.com.ar\/diario\/wp-json\/wp\/v2\/tags?post=8029"}],"curies":[{"name":"wp","href":"https:\/\/api.w.org\/{rel}","templated":true}]}}