{"id":7990,"date":"2016-05-27T04:00:32","date_gmt":"2016-05-27T04:00:32","guid":{"rendered":"https:\/\/armstrongyregion.com.ar\/diario\/?p=7990"},"modified":"2016-05-27T04:00:32","modified_gmt":"2016-05-27T04:00:32","slug":"gramigna-estoy-seguro-que-de-este-concejo-va-a-salir-el-nuevo-intendente","status":"publish","type":"post","link":"https:\/\/armstrongyregion.com.ar\/diario\/gramigna-estoy-seguro-que-de-este-concejo-va-a-salir-el-nuevo-intendente\/","title":{"rendered":"Gramigna: \u201cEstoy seguro que de este concejo va a salir el nuevo intendente\u201d"},"content":{"rendered":"<p><a href=\"http:\/\/armstrongyregion.com.ar\/diario\/wp-content\/uploads\/2016\/05\/Concejal-Gramigna-2.jpg\"><img loading=\"lazy\" decoding=\"async\" src=\"http:\/\/armstrongyregion.com.ar\/diario\/wp-content\/uploads\/2016\/05\/Concejal-Gramigna-2.jpg\" alt=\"Concejal-Gramigna-\" width=\"768\" height=\"519\" class=\"alignnone size-full wp-image-7991\" srcset=\"https:\/\/armstrongyregion.com.ar\/diario\/wp-content\/uploads\/2016\/05\/Concejal-Gramigna-2.jpg 768w, https:\/\/armstrongyregion.com.ar\/diario\/wp-content\/uploads\/2016\/05\/Concejal-Gramigna-2-300x203.jpg 300w\" sizes=\"auto, (max-width: 768px) 100vw, 768px\" \/><\/a>Emiliano Gramigna, expresaba que \u201cdel intercambio de ideas sale lo mejor, cada uno tiene su visi\u00f3n de la ciudad, hasta en cuestiones m\u00ednimas, hasta pasa con una resoluci\u00f3n para declarar de inter\u00e9s municipal al pacto de San Francisco, que en realidad m\u00e1s all\u00e1 de que si puede tener un tinte o no peronista el enunciado o las metas de un pacto as\u00ed, es la funci\u00f3n del estado, la que debe velar para combatir el narcotr\u00e1fico, velar por la seguridad, por el techo, por el trabajo y creo que esos temas esta bueno que se discutan en el concejo, est\u00e1  bueno que la gente vea que se debate y tiene tambi\u00e9n acceso a la opini\u00f3n y a los proyectos de cada concejal y que tambi\u00e9n se vean las posiciones de cada uno de cara a lo que probablemente tiene que ver con las elecciones del a\u00f1o que viene\u201d.<br \/>\nEl edil continu\u00f3, \u201cCreo que ya estamos en un clima pre electoral no me parece mal que se dialoguen y se discutan todos los temas y que cada persona o cada concejal que tenga aspiraciones haga por as\u00ed decirlo una puesta en escena y que la gente pueda elegir y verlo como candidato, porque estoy seguro que de este concejo va a salir el nuevo intendente\u201d.<br \/>\nCon respecto a los proyectos, Gramigna solicit\u00f3 un reemplazo de un poste inclinado en calle 5 de junio al 900.<br \/>\nTambi\u00e9n presento una minuta de comunicaci\u00f3n con respecto a la compra de un elevador para la colocaci\u00f3n de f\u00e9retros en nichos en el cementerio local.<br \/>\nFinalmente inform\u00f3 sobre un proyecto de ordenanza para que a la Sala de Terapia Intensiva del SamCo de Armstrong le impongan el nombre del Dr. Ra\u00fal Di Pascuale .<\/p>\n","protected":false},"excerpt":{"rendered":"<p>Emiliano Gramigna, expresaba que \u201cdel intercambio de ideas sale lo mejor, cada uno tiene su visi\u00f3n de la ciudad, hasta en cuestiones m\u00ednimas, hasta pasa con una resoluci\u00f3n para declarar de inter\u00e9s municipal al pacto de San Francisco, que en realidad m\u00e1s all\u00e1 de que si puede tener un tinte o no peronista el enunciado <a href=\"https:\/\/armstrongyregion.com.ar\/diario\/gramigna-estoy-seguro-que-de-este-concejo-va-a-salir-el-nuevo-intendente\/\" title=\"Read more\" >&#8230;<\/a><\/p>\n","protected":false},"author":2,"featured_media":7991,"comment_status":"open","ping_status":"open","sticky":false,"template":"","format":"standard","meta":{"_jetpack_memberships_contains_paid_content":false,"footnotes":"","jetpack_publicize_message":"","jetpack_publicize_feature_enabled":true,"jetpack_social_post_already_shared":false,"jetpack_social_options":{"image_generator_settings":{"template":"highway","default_image_id":0,"enabled":false},"version":2}},"categories":[8,1,2],"tags":[33,868,19,162,979,802,51,4003,192,1765],"class_list":["post-7990","post","type-post","status-publish","format-standard","has-post-thumbnail","hentry","category-deliberando","category-diario-armstrong","category-locales","tag-a","tag-concejo","tag-de","tag-este","tag-gramigna","tag-intendente","tag-nuevo","tag-salir","tag-un","tag-va"],"jetpack_publicize_connections":[],"jetpack_featured_media_url":"https:\/\/armstrongyregion.com.ar\/diario\/wp-content\/uploads\/2016\/05\/Concejal-Gramigna-2.jpg","jetpack_shortlink":"https:\/\/wp.me\/p62QDO-24S","jetpack_sharing_enabled":true,"amp_enabled":true,"_links":{"self":[{"href":"https:\/\/armstrongyregion.com.ar\/diario\/wp-json\/wp\/v2\/posts\/7990","targetHints":{"allow":["GET"]}}],"collection":[{"href":"https:\/\/armstrongyregion.com.ar\/diario\/wp-json\/wp\/v2\/posts"}],"about":[{"href":"https:\/\/armstrongyregion.com.ar\/diario\/wp-json\/wp\/v2\/types\/post"}],"author":[{"embeddable":true,"href":"https:\/\/armstrongyregion.com.ar\/diario\/wp-json\/wp\/v2\/users\/2"}],"replies":[{"embeddable":true,"href":"https:\/\/armstrongyregion.com.ar\/diario\/wp-json\/wp\/v2\/comments?post=7990"}],"version-history":[{"count":0,"href":"https:\/\/armstrongyregion.com.ar\/diario\/wp-json\/wp\/v2\/posts\/7990\/revisions"}],"wp:featuredmedia":[{"embeddable":true,"href":"https:\/\/armstrongyregion.com.ar\/diario\/wp-json\/wp\/v2\/media\/7991"}],"wp:attachment":[{"href":"https:\/\/armstrongyregion.com.ar\/diario\/wp-json\/wp\/v2\/media?parent=7990"}],"wp:term":[{"taxonomy":"category","embeddable":true,"href":"https:\/\/armstrongyregion.com.ar\/diario\/wp-json\/wp\/v2\/categories?post=7990"},{"taxonomy":"post_tag","embeddable":true,"href":"https:\/\/armstrongyregion.com.ar\/diario\/wp-json\/wp\/v2\/tags?post=7990"}],"curies":[{"name":"wp","href":"https:\/\/api.w.org\/{rel}","templated":true}]}}