{"id":7987,"date":"2016-05-27T03:56:40","date_gmt":"2016-05-27T03:56:40","guid":{"rendered":"https:\/\/armstrongyregion.com.ar\/diario\/?p=7987"},"modified":"2016-05-27T03:56:40","modified_gmt":"2016-05-27T03:56:40","slug":"daniela-perez-yo-creo-que-adentro-del-concejo-venimos-a-hacer-politicas-publicas","status":"publish","type":"post","link":"https:\/\/armstrongyregion.com.ar\/diario\/daniela-perez-yo-creo-que-adentro-del-concejo-venimos-a-hacer-politicas-publicas\/","title":{"rendered":"Daniela Perez: \u201cYo creo que adentro del concejo venimos a hacer pol\u00edticas p\u00fablicas\u201d"},"content":{"rendered":"<p><a href=\"http:\/\/armstrongyregion.com.ar\/diario\/wp-content\/uploads\/2016\/05\/Daniela-Perez-1.jpg\"><img loading=\"lazy\" decoding=\"async\" src=\"http:\/\/armstrongyregion.com.ar\/diario\/wp-content\/uploads\/2016\/05\/Daniela-Perez-1.jpg\" alt=\"Daniela-Perez-1\" width=\"768\" height=\"537\" class=\"alignnone size-full wp-image-7988\" srcset=\"https:\/\/armstrongyregion.com.ar\/diario\/wp-content\/uploads\/2016\/05\/Daniela-Perez-1.jpg 768w, https:\/\/armstrongyregion.com.ar\/diario\/wp-content\/uploads\/2016\/05\/Daniela-Perez-1-300x210.jpg 300w\" sizes=\"auto, (max-width: 768px) 100vw, 768px\" \/><\/a>La concejal del Frente Progresista C\u00edvico y Social Daniela Perez, con respecto al debate generado en el concejo nos dec\u00eda, \u201cde mi parte soy militante y todos venimos de extracciones distintas y hacemos pol\u00edtica, pero creo que adentro del concejo venimos a hacer pol\u00edticas p\u00fablicas, para la comunidad que para eso hemos sido elegidos, y por ah\u00ed polemizar desde alg\u00fan tinte pol\u00edtico por ejemplo hablar si el papa es peronista o no es peronista hay cuestiones que las tenemos que dejar de la puerta para afuera sino ya empezamos a mostrar algunos intereses al a\u00f1o electoral que se aproxima\u201d.<br \/>\nCon respecto a los proyectos presentados por su bloque,  P\u00e9rez expreso la necesidad y urgencia de que se pinten los lugares de estacionamiento para discapacitados.<\/p>\n","protected":false},"excerpt":{"rendered":"<p>La concejal del Frente Progresista C\u00edvico y Social Daniela Perez, con respecto al debate generado en el concejo nos dec\u00eda, \u201cde mi parte soy militante y todos venimos de extracciones distintas y hacemos pol\u00edtica, pero creo que adentro del concejo venimos a hacer pol\u00edticas p\u00fablicas, para la comunidad que para eso hemos sido elegidos, y <a href=\"https:\/\/armstrongyregion.com.ar\/diario\/daniela-perez-yo-creo-que-adentro-del-concejo-venimos-a-hacer-politicas-publicas\/\" title=\"Read more\" >&#8230;<\/a><\/p>\n","protected":false},"author":2,"featured_media":7988,"comment_status":"open","ping_status":"open","sticky":false,"template":"","format":"standard","meta":{"_jetpack_memberships_contains_paid_content":false,"footnotes":"","jetpack_publicize_message":"","jetpack_publicize_feature_enabled":true,"jetpack_social_post_already_shared":false,"jetpack_social_options":{"image_generator_settings":{"template":"highway","default_image_id":0,"enabled":false},"version":2}},"categories":[1,2,7],"tags":[673,1794,736],"class_list":["post-7987","post","type-post","status-publish","format-standard","has-post-thumbnail","hentry","category-diario-armstrong","category-locales","category-politica","tag-concejal","tag-daniela","tag-perez"],"jetpack_publicize_connections":[],"jetpack_featured_media_url":"https:\/\/armstrongyregion.com.ar\/diario\/wp-content\/uploads\/2016\/05\/Daniela-Perez-1.jpg","jetpack_shortlink":"https:\/\/wp.me\/p62QDO-24P","jetpack_sharing_enabled":true,"amp_enabled":true,"_links":{"self":[{"href":"https:\/\/armstrongyregion.com.ar\/diario\/wp-json\/wp\/v2\/posts\/7987","targetHints":{"allow":["GET"]}}],"collection":[{"href":"https:\/\/armstrongyregion.com.ar\/diario\/wp-json\/wp\/v2\/posts"}],"about":[{"href":"https:\/\/armstrongyregion.com.ar\/diario\/wp-json\/wp\/v2\/types\/post"}],"author":[{"embeddable":true,"href":"https:\/\/armstrongyregion.com.ar\/diario\/wp-json\/wp\/v2\/users\/2"}],"replies":[{"embeddable":true,"href":"https:\/\/armstrongyregion.com.ar\/diario\/wp-json\/wp\/v2\/comments?post=7987"}],"version-history":[{"count":0,"href":"https:\/\/armstrongyregion.com.ar\/diario\/wp-json\/wp\/v2\/posts\/7987\/revisions"}],"wp:featuredmedia":[{"embeddable":true,"href":"https:\/\/armstrongyregion.com.ar\/diario\/wp-json\/wp\/v2\/media\/7988"}],"wp:attachment":[{"href":"https:\/\/armstrongyregion.com.ar\/diario\/wp-json\/wp\/v2\/media?parent=7987"}],"wp:term":[{"taxonomy":"category","embeddable":true,"href":"https:\/\/armstrongyregion.com.ar\/diario\/wp-json\/wp\/v2\/categories?post=7987"},{"taxonomy":"post_tag","embeddable":true,"href":"https:\/\/armstrongyregion.com.ar\/diario\/wp-json\/wp\/v2\/tags?post=7987"}],"curies":[{"name":"wp","href":"https:\/\/api.w.org\/{rel}","templated":true}]}}