{"id":7981,"date":"2016-05-27T03:33:28","date_gmt":"2016-05-27T03:33:28","guid":{"rendered":"https:\/\/armstrongyregion.com.ar\/diario\/?p=7981"},"modified":"2016-05-27T03:33:28","modified_gmt":"2016-05-27T03:33:28","slug":"el-banco-nacion-brindara-una-charla-informativa-por-la-crisis-agropecuaria","status":"publish","type":"post","link":"https:\/\/armstrongyregion.com.ar\/diario\/el-banco-nacion-brindara-una-charla-informativa-por-la-crisis-agropecuaria\/","title":{"rendered":"El Banco Naci\u00f3n brindar\u00e1 una charla informativa por la crisis agropecuaria."},"content":{"rendered":"<p><a href=\"http:\/\/armstrongyregion.com.ar\/diario\/wp-content\/uploads\/2016\/05\/Banco-nacion-.jpg\"><img loading=\"lazy\" decoding=\"async\" src=\"http:\/\/armstrongyregion.com.ar\/diario\/wp-content\/uploads\/2016\/05\/Banco-nacion-.jpg\" alt=\"Banco-nacion-\" width=\"768\" height=\"576\" class=\"alignnone size-full wp-image-7982\" srcset=\"https:\/\/armstrongyregion.com.ar\/diario\/wp-content\/uploads\/2016\/05\/Banco-nacion-.jpg 768w, https:\/\/armstrongyregion.com.ar\/diario\/wp-content\/uploads\/2016\/05\/Banco-nacion--300x225.jpg 300w\" sizes=\"auto, (max-width: 768px) 100vw, 768px\" \/><\/a>Contar\u00e1 con la presencia del Gerente Comercial Agropecuario de la entidad, quien explicar\u00e1 las herramientas que el banco pone a disposici\u00f3n de productores y entidades del sector. Se realizar\u00e1 el pr\u00f3ximo mi\u00e9rcoles a las 19 hs. en la Casa del Senado en Ca\u00f1ada de G\u00f3mez. <\/p>\n<p>El senador provincial Hugo Rasetto explic\u00f3 que la actividad est\u00e1 orientada a \u201cproductores agropecuarios y entidades del sector, que se ven afectados por la crisis h\u00eddrica que atraviesa la provincia\u201d, y agreg\u00f3 que en la misma \u201clos asistentes se podr\u00e1n informarse y realizar consultas respecto de todas las herramientas que ha dispuesto la entidad bancaria ante el actual contexto de emergencia\u201d.<\/p>\n<p>Quien estar\u00e1 a cargo de la misma ser\u00e1 Alejandro Gariglio, Gerente Comercial Agropecuario del banco Naci\u00f3n.<\/p>\n<p>La cita para todos los productores interesados en asistir, es el pr\u00f3ximo mi\u00e9rcoles 1 de junio, a partir de las 19 hs., en la Casa del Senado, ubicada en calle San Mart\u00edn 469 de la ciudad de Ca\u00f1ada de G\u00f3mez.<\/p>\n","protected":false},"excerpt":{"rendered":"<p>Contar\u00e1 con la presencia del Gerente Comercial Agropecuario de la entidad, quien explicar\u00e1 las herramientas que el banco pone a disposici\u00f3n de productores y entidades del sector. Se realizar\u00e1 el pr\u00f3ximo mi\u00e9rcoles a las 19 hs. en la Casa del Senado en Ca\u00f1ada de G\u00f3mez. El senador provincial Hugo Rasetto explic\u00f3 que la actividad est\u00e1 <a href=\"https:\/\/armstrongyregion.com.ar\/diario\/el-banco-nacion-brindara-una-charla-informativa-por-la-crisis-agropecuaria\/\" title=\"Read more\" >&#8230;<\/a><\/p>\n","protected":false},"author":2,"featured_media":7982,"comment_status":"open","ping_status":"open","sticky":false,"template":"","format":"standard","meta":{"_jetpack_memberships_contains_paid_content":false,"footnotes":"","jetpack_publicize_message":"","jetpack_publicize_feature_enabled":true,"jetpack_social_post_already_shared":false,"jetpack_social_options":{"image_generator_settings":{"template":"highway","default_image_id":0,"enabled":false},"version":2}},"categories":[1,7,3],"tags":[2277,4002,325,432,53,15,31,32,326,103],"class_list":["post-7981","post","type-post","status-publish","format-standard","has-post-thumbnail","hentry","category-diario-armstrong","category-politica","category-region","tag-banco","tag-brindara","tag-casa","tag-charla","tag-del","tag-en","tag-la","tag-nacion","tag-senado","tag-una"],"jetpack_publicize_connections":[],"jetpack_featured_media_url":"https:\/\/armstrongyregion.com.ar\/diario\/wp-content\/uploads\/2016\/05\/Banco-nacion-.jpg","jetpack_shortlink":"https:\/\/wp.me\/p62QDO-24J","jetpack_sharing_enabled":true,"amp_enabled":true,"_links":{"self":[{"href":"https:\/\/armstrongyregion.com.ar\/diario\/wp-json\/wp\/v2\/posts\/7981","targetHints":{"allow":["GET"]}}],"collection":[{"href":"https:\/\/armstrongyregion.com.ar\/diario\/wp-json\/wp\/v2\/posts"}],"about":[{"href":"https:\/\/armstrongyregion.com.ar\/diario\/wp-json\/wp\/v2\/types\/post"}],"author":[{"embeddable":true,"href":"https:\/\/armstrongyregion.com.ar\/diario\/wp-json\/wp\/v2\/users\/2"}],"replies":[{"embeddable":true,"href":"https:\/\/armstrongyregion.com.ar\/diario\/wp-json\/wp\/v2\/comments?post=7981"}],"version-history":[{"count":0,"href":"https:\/\/armstrongyregion.com.ar\/diario\/wp-json\/wp\/v2\/posts\/7981\/revisions"}],"wp:featuredmedia":[{"embeddable":true,"href":"https:\/\/armstrongyregion.com.ar\/diario\/wp-json\/wp\/v2\/media\/7982"}],"wp:attachment":[{"href":"https:\/\/armstrongyregion.com.ar\/diario\/wp-json\/wp\/v2\/media?parent=7981"}],"wp:term":[{"taxonomy":"category","embeddable":true,"href":"https:\/\/armstrongyregion.com.ar\/diario\/wp-json\/wp\/v2\/categories?post=7981"},{"taxonomy":"post_tag","embeddable":true,"href":"https:\/\/armstrongyregion.com.ar\/diario\/wp-json\/wp\/v2\/tags?post=7981"}],"curies":[{"name":"wp","href":"https:\/\/api.w.org\/{rel}","templated":true}]}}