{"id":7976,"date":"2016-05-26T18:04:38","date_gmt":"2016-05-26T18:04:38","guid":{"rendered":"https:\/\/armstrongyregion.com.ar\/diario\/?p=7976"},"modified":"2016-05-26T18:04:38","modified_gmt":"2016-05-26T18:04:38","slug":"un-fallecido-por-gripe-a-en-el-samco-de-armstrong","status":"publish","type":"post","link":"https:\/\/armstrongyregion.com.ar\/diario\/un-fallecido-por-gripe-a-en-el-samco-de-armstrong\/","title":{"rendered":"Un fallecido por Gripe A en el SamCo de Armstrong."},"content":{"rendered":"<p><a href=\"http:\/\/armstrongyregion.com.ar\/diario\/wp-content\/uploads\/2016\/05\/SamCo-Armstrong.jpg\"><img loading=\"lazy\" decoding=\"async\" src=\"http:\/\/armstrongyregion.com.ar\/diario\/wp-content\/uploads\/2016\/05\/SamCo-Armstrong.jpg\" alt=\"SamCo-Armstrong\" width=\"768\" height=\"431\" class=\"alignnone size-full wp-image-7977\" srcset=\"https:\/\/armstrongyregion.com.ar\/diario\/wp-content\/uploads\/2016\/05\/SamCo-Armstrong.jpg 768w, https:\/\/armstrongyregion.com.ar\/diario\/wp-content\/uploads\/2016\/05\/SamCo-Armstrong-300x168.jpg 300w\" sizes=\"auto, (max-width: 768px) 100vw, 768px\" \/><\/a>Un paciente oriundo de Las Parejas, que hab\u00eda sido internado 8 d\u00edas atr\u00e1s, y el cual hab\u00eda ingresado con complicaciones respiratorias falleci\u00f3 finalmente el d\u00eda martes.<br \/>\nLa noticia fue confirmada por la Dra. Veronica Barone, vice directora del SamCo local, en el programa radial de FM 97.1 que conduce Jorge Tagina.<br \/>\n\u201cS\u00ed hace aproximadamente una semana, ingreso el paciente de 62 a\u00f1os de edad, vale aclarar que esta persona contaba con todos los factores de riesgo, chagasico, con marca paso, diab\u00e9tico, obeso, no vacunado, quien ingresa  por una infecci\u00f3n respiratoria grave, inmediatamente se le hace el laboratorio para descartar la Gripe A, se comienza el tratamiento, el paciente Martin Baez, es asistido con respirador y finalmente fallece el d\u00eda martes a las 17hs como consecuencia de las complicaciones que ten\u00eda\u201d.<br \/>\nBarone expresaba- \u201cSeg\u00fan los an\u00e1lisis de laboratorio que se enviaron a Rosario, se confirma que se trata de un caso de Gripe A\u201d<\/p>\n","protected":false},"excerpt":{"rendered":"<p>Un paciente oriundo de Las Parejas, que hab\u00eda sido internado 8 d\u00edas atr\u00e1s, y el cual hab\u00eda ingresado con complicaciones respiratorias falleci\u00f3 finalmente el d\u00eda martes. La noticia fue confirmada por la Dra. Veronica Barone, vice directora del SamCo local, en el programa radial de FM 97.1 que conduce Jorge Tagina. \u201cS\u00ed hace aproximadamente una <a href=\"https:\/\/armstrongyregion.com.ar\/diario\/un-fallecido-por-gripe-a-en-el-samco-de-armstrong\/\" title=\"Read more\" >&#8230;<\/a><\/p>\n","protected":false},"author":2,"featured_media":7977,"comment_status":"open","ping_status":"open","sticky":false,"template":"","format":"standard","meta":{"_jetpack_memberships_contains_paid_content":false,"footnotes":"","jetpack_publicize_message":"","jetpack_publicize_feature_enabled":true,"jetpack_social_post_already_shared":false,"jetpack_social_options":{"image_generator_settings":{"template":"highway","default_image_id":0,"enabled":false},"version":2}},"categories":[8,1,2,4,3],"tags":[33,20,19,16,15,4001,1833,60,54,192],"class_list":["post-7976","post","type-post","status-publish","format-standard","has-post-thumbnail","hentry","category-deliberando","category-diario-armstrong","category-locales","category-prevencion-salud","category-region","tag-a","tag-armstrong","tag-de","tag-el","tag-en","tag-fallecido","tag-gripe","tag-por","tag-samco","tag-un"],"jetpack_publicize_connections":[],"jetpack_featured_media_url":"https:\/\/armstrongyregion.com.ar\/diario\/wp-content\/uploads\/2016\/05\/SamCo-Armstrong.jpg","jetpack_shortlink":"https:\/\/wp.me\/p62QDO-24E","jetpack_sharing_enabled":true,"amp_enabled":true,"_links":{"self":[{"href":"https:\/\/armstrongyregion.com.ar\/diario\/wp-json\/wp\/v2\/posts\/7976","targetHints":{"allow":["GET"]}}],"collection":[{"href":"https:\/\/armstrongyregion.com.ar\/diario\/wp-json\/wp\/v2\/posts"}],"about":[{"href":"https:\/\/armstrongyregion.com.ar\/diario\/wp-json\/wp\/v2\/types\/post"}],"author":[{"embeddable":true,"href":"https:\/\/armstrongyregion.com.ar\/diario\/wp-json\/wp\/v2\/users\/2"}],"replies":[{"embeddable":true,"href":"https:\/\/armstrongyregion.com.ar\/diario\/wp-json\/wp\/v2\/comments?post=7976"}],"version-history":[{"count":0,"href":"https:\/\/armstrongyregion.com.ar\/diario\/wp-json\/wp\/v2\/posts\/7976\/revisions"}],"wp:featuredmedia":[{"embeddable":true,"href":"https:\/\/armstrongyregion.com.ar\/diario\/wp-json\/wp\/v2\/media\/7977"}],"wp:attachment":[{"href":"https:\/\/armstrongyregion.com.ar\/diario\/wp-json\/wp\/v2\/media?parent=7976"}],"wp:term":[{"taxonomy":"category","embeddable":true,"href":"https:\/\/armstrongyregion.com.ar\/diario\/wp-json\/wp\/v2\/categories?post=7976"},{"taxonomy":"post_tag","embeddable":true,"href":"https:\/\/armstrongyregion.com.ar\/diario\/wp-json\/wp\/v2\/tags?post=7976"}],"curies":[{"name":"wp","href":"https:\/\/api.w.org\/{rel}","templated":true}]}}