{"id":7954,"date":"2016-05-26T10:38:41","date_gmt":"2016-05-26T10:38:41","guid":{"rendered":"https:\/\/armstrongyregion.com.ar\/diario\/?p=7954"},"modified":"2016-05-26T10:38:41","modified_gmt":"2016-05-26T10:38:41","slug":"diego-mansilla-en-la-xxxviii-sesion-ordinaria-del-parlamento-del-mercosur","status":"publish","type":"post","link":"https:\/\/armstrongyregion.com.ar\/diario\/diego-mansilla-en-la-xxxviii-sesion-ordinaria-del-parlamento-del-mercosur\/","title":{"rendered":"Diego Mansilla en la XXXVIII Sesi\u00f3n Ordinaria del Parlamento del Mercosur."},"content":{"rendered":"<p><a href=\"http:\/\/armstrongyregion.com.ar\/diario\/wp-content\/uploads\/2016\/05\/sesi\u00f3n-parlasur-0516.jpg\"><img loading=\"lazy\" decoding=\"async\" src=\"http:\/\/armstrongyregion.com.ar\/diario\/wp-content\/uploads\/2016\/05\/sesi\u00f3n-parlasur-0516.jpg\" alt=\"sesi\u00f3n parlasur 0516\" width=\"768\" height=\"432\" class=\"alignnone size-full wp-image-7955\" srcset=\"https:\/\/armstrongyregion.com.ar\/diario\/wp-content\/uploads\/2016\/05\/sesi\u00f3n-parlasur-0516.jpg 768w, https:\/\/armstrongyregion.com.ar\/diario\/wp-content\/uploads\/2016\/05\/sesi\u00f3n-parlasur-0516-300x169.jpg 300w\" sizes=\"auto, (max-width: 768px) 100vw, 768px\" \/><\/a>\u201cPudimos avanzar con iniciativas para promover la producci\u00f3n industrial y el empleo y una participaci\u00f3n popular cada vez m\u00e1s plena\u201d<\/p>\n<p>\u201cSeguimos trabajando por la unidad y la integraci\u00f3n, con iniciativas propias que van avanzando, que tienen como objetivo defender y promover la producci\u00f3n industrial para generar empleo y crear nuevas herramientas para garantizar una participaci\u00f3n popular cada vez m\u00e1s plena\u201d, dijo el diputado del Mercosur Diego Mansilla, tras la realizaci\u00f3n, el \u00faltimo lunes en Montevideo, de la XXXVIII Sesi\u00f3n Ordinaria del Parlasur.<br \/>\nLa actividad incluy\u00f3 el plenario general y tambi\u00e9n las reuniones de las distintas comisiones del cuerpo legislativo. En la de Asuntos Econ\u00f3micos, que tiene entre sus integrantes al legislador santafesino, se emiti\u00f3 dictamen favorable a varias iniciativas. Entre ellas se cuentan la de la instrumentaci\u00f3n de la Agencia para la Integraci\u00f3n Productiva, la del desarrollo del monitoreo del Observatorio Regional sobre maquinaria agr\u00edcola y la de Declaraci\u00f3n de Inter\u00e9s del Mercosur de la 13\u00b0 Muestra Agroindustrial de Las Parejas, todas ellas presentadas por Diego Mansilla.<br \/>\n\u201cOtro de nuestros proyectos es el de empadronamiento autom\u00e1tico de ciudadanos nacidos en los distintos Estados del Mercosur que lleven m\u00e1s de dos a\u00f1os de residencia en otro pa\u00eds del bloque. Esta iniciativa ya fue ingresada y girada para su tratamiento a la Comisi\u00f3n de Ciudadan\u00eda y Derechos Humanos\u201d, inform\u00f3 el legislador santafesino, integrante del bloque del FPV en el Parlasur.<br \/>\n\u201cEn la Comisi\u00f3n de Asuntos Econ\u00f3micos tambi\u00e9n hubo dictamen favorable a otros proyectos, como el de establecer un seguimiento de la renegociaci\u00f3n del Tratado de Yaciret\u00e1, el de financiar un programa de Desarrollo de la Competitividad y dos pedidos de informaci\u00f3n: uno sobre las relaciones comerciales del Mercosur con China y el otro sobre el intercambio de ofertas entre el Mercosur y la Uni\u00f3n Europea\u201d, rese\u00f1\u00f3 Mansilla.<br \/>\nEn tanto, ya en el plenario de la sesi\u00f3n se aprobaron la realizaci\u00f3n de un Seminario sobre la situaci\u00f3n actual del Corredor Bioce\u00e1nico Central, un pedido de promoci\u00f3n de este corredor por parte del Consejo del Mercado Com\u00fan (CMC), solicitar a la Comisi\u00f3n de Infraestructura que sobre el plan general de transporte para todo el Mercosur y recomendar a los gobiernos de Argentina y Brasil que construyan un paso fronterizo entre Paraje Integraci\u00f3n y Planalto.<\/p>\n","protected":false},"excerpt":{"rendered":"<p>\u201cPudimos avanzar con iniciativas para promover la producci\u00f3n industrial y el empleo y una participaci\u00f3n popular cada vez m\u00e1s plena\u201d \u201cSeguimos trabajando por la unidad y la integraci\u00f3n, con iniciativas propias que van avanzando, que tienen como objetivo defender y promover la producci\u00f3n industrial para generar empleo y crear nuevas herramientas para garantizar una participaci\u00f3n <a href=\"https:\/\/armstrongyregion.com.ar\/diario\/diego-mansilla-en-la-xxxviii-sesion-ordinaria-del-parlamento-del-mercosur\/\" title=\"Read more\" >&#8230;<\/a><\/p>\n","protected":false},"author":2,"featured_media":7955,"comment_status":"open","ping_status":"open","sticky":false,"template":"","format":"standard","meta":{"_jetpack_memberships_contains_paid_content":false,"footnotes":"","jetpack_publicize_message":"","jetpack_publicize_feature_enabled":true,"jetpack_social_post_already_shared":false,"jetpack_social_options":{"image_generator_settings":{"template":"highway","default_image_id":0,"enabled":false},"version":2}},"categories":[1,7,3],"tags":[990,15,991,2535,2534],"class_list":["post-7954","post","type-post","status-publish","format-standard","has-post-thumbnail","hentry","category-diario-armstrong","category-politica","category-region","tag-diego","tag-en","tag-mansilla","tag-parlasur","tag-sesion"],"jetpack_publicize_connections":[],"jetpack_featured_media_url":"https:\/\/armstrongyregion.com.ar\/diario\/wp-content\/uploads\/2016\/05\/sesi\u00f3n-parlasur-0516.jpg","jetpack_shortlink":"https:\/\/wp.me\/p62QDO-24i","jetpack_sharing_enabled":true,"amp_enabled":true,"_links":{"self":[{"href":"https:\/\/armstrongyregion.com.ar\/diario\/wp-json\/wp\/v2\/posts\/7954","targetHints":{"allow":["GET"]}}],"collection":[{"href":"https:\/\/armstrongyregion.com.ar\/diario\/wp-json\/wp\/v2\/posts"}],"about":[{"href":"https:\/\/armstrongyregion.com.ar\/diario\/wp-json\/wp\/v2\/types\/post"}],"author":[{"embeddable":true,"href":"https:\/\/armstrongyregion.com.ar\/diario\/wp-json\/wp\/v2\/users\/2"}],"replies":[{"embeddable":true,"href":"https:\/\/armstrongyregion.com.ar\/diario\/wp-json\/wp\/v2\/comments?post=7954"}],"version-history":[{"count":0,"href":"https:\/\/armstrongyregion.com.ar\/diario\/wp-json\/wp\/v2\/posts\/7954\/revisions"}],"wp:featuredmedia":[{"embeddable":true,"href":"https:\/\/armstrongyregion.com.ar\/diario\/wp-json\/wp\/v2\/media\/7955"}],"wp:attachment":[{"href":"https:\/\/armstrongyregion.com.ar\/diario\/wp-json\/wp\/v2\/media?parent=7954"}],"wp:term":[{"taxonomy":"category","embeddable":true,"href":"https:\/\/armstrongyregion.com.ar\/diario\/wp-json\/wp\/v2\/categories?post=7954"},{"taxonomy":"post_tag","embeddable":true,"href":"https:\/\/armstrongyregion.com.ar\/diario\/wp-json\/wp\/v2\/tags?post=7954"}],"curies":[{"name":"wp","href":"https:\/\/api.w.org\/{rel}","templated":true}]}}