{"id":7951,"date":"2016-05-26T10:34:36","date_gmt":"2016-05-26T10:34:36","guid":{"rendered":"https:\/\/armstrongyregion.com.ar\/diario\/?p=7951"},"modified":"2016-05-26T10:34:36","modified_gmt":"2016-05-26T10:34:36","slug":"la-diputada-giaccone-visito-localidades-del-dto-obligado","status":"publish","type":"post","link":"https:\/\/armstrongyregion.com.ar\/diario\/la-diputada-giaccone-visito-localidades-del-dto-obligado\/","title":{"rendered":"La Diputada Giaccone visit\u00f3 localidades del Dto. Obligado."},"content":{"rendered":"<p><a href=\"http:\/\/armstrongyregion.com.ar\/diario\/wp-content\/uploads\/2016\/05\/reconquista-confprensa2-230516.jpg\"><img loading=\"lazy\" decoding=\"async\" src=\"http:\/\/armstrongyregion.com.ar\/diario\/wp-content\/uploads\/2016\/05\/reconquista-confprensa2-230516.jpg\" alt=\"reconquista-confprensa2-230516\" width=\"768\" height=\"512\" class=\"alignnone size-full wp-image-7952\" srcset=\"https:\/\/armstrongyregion.com.ar\/diario\/wp-content\/uploads\/2016\/05\/reconquista-confprensa2-230516.jpg 768w, https:\/\/armstrongyregion.com.ar\/diario\/wp-content\/uploads\/2016\/05\/reconquista-confprensa2-230516-300x200.jpg 300w\" sizes=\"auto, (max-width: 768px) 100vw, 768px\" \/><\/a>El lunes 23 de mayo, la diputada provincial Claudia Giaccone particip\u00f3 en reuniones con autoridades comunales, referentes justicialista, directivos de asociaciones y medios de prensa en Reconquista, Las Garzas, Tacuarend\u00ed, Villa Ocampo, Arroyo Ceibal e Ing. Chanourdie.<br \/>\nReconquista. Por la ma\u00f1ana,  en la Sala de Prensa Municipal, realiz\u00f3 junto al Secretario de Deportes y Recreaci\u00f3n de la Municipalidad Prof. Ives Saucedo  una conferencia con distintos medios de la ciudad cabecera del departamento. La diputada provincial Giaccone introdujo respecto a la charla que se dar\u00eda por la noche para presentar los alcances de la Ley N\u00ba 27.211 de Derechos de Formaci\u00f3n Deportiva, cuyo  texto fue de su autor\u00eda y tuvo sanci\u00f3n definitiva en la sesi\u00f3n del mi\u00e9rcoles 4 de noviembre de 2015 en el Parlamento nacional.<br \/>\nLa legisladora explic\u00f3 los detalles de esta ley, destacando la importancia que tiene para todas las instituciones formadoras de deportistas -desde los 9 a los 18 a\u00f1os-, que ahora recibir\u00e1n el 5% del monto del primer contrato profesional, y las futuras y sucesivas transferencias que tenga los atletas.<br \/>\nLas Garzas. Junto al dirigente justicialista Vital Braida, que la acompa\u00f1\u00f3 en toda la recorrida, se reuni\u00f3 en la sede partidaria de esa localidad con el referente Mario Raffin y otros militantes del peronismo, para charlar sobre la situaci\u00f3n pol\u00edtica actual y pensar acciones hacia el futuro.<br \/>\nPosteriormente ambos se dirigieron a la Biblioteca Popular \u00ab15 de Junio\u00bb, donde fueron  recibidos por su presidenta Lilian Delarosa y miembros de la directiva. All\u00ed fueron informados sobre todas las actividades de la instituci\u00f3n, y pudieron recorrer el SUM que se halla en construcci\u00f3n.<br \/>\n\u00abDebemos felicitar el entusiasta trabajo que realizan para poner al alcance de toda la comunidad aquellos elementos que faciliten la educaci\u00f3n, as\u00ed como actividades de difusi\u00f3n cultural e integraci\u00f3n social, y por supuesto el pensar adem\u00e1s en levantar un amplio lugar f\u00edsico para llevarlos adelante\u00bb, dijo Giaccone.<br \/>\nVilla Ocampo. En esta ciudad mantuvieron conversaci\u00f3n con los dirigentes del peronismo local, Eduardo Richter -candidato a intendente ocampense en las \u00faltimas elecciones-, y los concejales FvP-PJ, Alfredo Aquino y Gustavo Volkart. Intercambiaron opiniones sobre la situaci\u00f3n pol\u00edtica nacional, provincial y local, resaltando la necesidad de trabajar en el justicialismo para ser clara opci\u00f3n de gobierno.<br \/>\nTambi\u00e9n se trat\u00f3 la trascendencia regional del Concurso de Pesca Variada para Mujeres, que se realizar\u00e1 en el Camping Don Avelino \u2013 Villa Ocampo, el pr\u00f3ximo 12 de junio, el cual ser\u00e1 auspiciado por la diputada.<br \/>\nGiaccone particip\u00f3 adem\u00e1s de una entrevista en Cable Televisora Villa Ocampo, realizada por el periodista Claudio Fern\u00e1ndez, hablando de la importancia del deporte y el desarrollo cultural como formadores de valores y de inclusi\u00f3n social; adem\u00e1s de temas que preocupan hoy como el tarifazo a la energ\u00eda el\u00e9ctrica.<br \/>\nTacuarend\u00ed. \u00abMantuvimos una interesante y motivadora conversaci\u00f3n con Dami\u00e1n Borelli, referente del justicialismo en esa poblaci\u00f3n, que realiza una continua e importante tarea social y solidaria\u00bb, expres\u00f3 la diputada. \u00abLo invit\u00e9 a participar del pr\u00f3ximo encuentro de gestores culturales que se realizar\u00e1 a principios de junio en la regi\u00f3n, donde entiendo que puede hacer significativos aportes\u00bb, declar\u00f3 la legisladora.<br \/>\nArroyo Ceibal. Concurrieron al edificio comunal donde fueron recibidos por el Presidente Comunal Ra\u00fal Cioccale, qui\u00e9n se encontraba junto a Jorge Delarosa -ex presidente comunal de Ing. Chanourdie- y su esposa y colaboradora Lilian Magneano.<br \/>\n\u00abCioccale nos requiri\u00f3 gestiones ante el gobierno provincial, como son agilizar la transferencias de recursos de FOCOM 2015 a\u00fan adeudados, y el nombramiento de un chofer para la ambulancia que poseen y que es utilizada por todos los pueblos de la zona, al ser afectada al Sistema 107\u00bb, manifest\u00f3 Giaccone.<br \/>\nCon respecto a Ing. Chanourdie dijo que es una comuna que ha adherido al Ente Cultural Santafesino pero a\u00fan sin participaci\u00f3n activa al asumir actualmente una administraci\u00f3n comunal nueva, de la misma l\u00ednea pol\u00edtica pero con otras personas que deben. Por ello tanto Delarosa como Magneano se ocuparan de colaborar para concretar actividades que lleven a tener pronto integraci\u00f3n plena a esa instituci\u00f3n cultural que se despliega en todo el interior santafesino.<br \/>\nCONFERENCIA SOBRE DERECHOS FORMATIVOS EN EL DEPORTE, EN RECONQUISTA.<br \/>\nEn Casa del Bicentenario de esa ciudad, el Dr. Norberto Outerelo (abogado, docente de Derecho del Deporte y autor del libro \u201cJusticia Deportiva\u201d entre otras cosas)  acompa\u00f1ado del Intendente Enri Vallejos y el Secretario de Deportes y Recreaci\u00f3n Prof. Ives Saucedo, particip\u00f3 de una Jornada sobre Derecho y Deporte, donde se difundieron distintos aspectos de la Ley 27211 DERECHOS FORMATIVOS en el DEPORTE.<br \/>\nLa audiencia fue participativa en sus preguntas y permiti\u00f3 detallar los alcances de este derecho de resarcimiento econ\u00f3mico para los clubes formadores de atletas, que deben aportarse cuando se realizan contratos y transferencia de los mismos a otras entidades deportivas.<br \/>\nEl Dr. Outerelo dej\u00f3 en claro que: \u201cante la negativa por parte de los dirigentes que contratan o compran jugadores, de no dar a conocer el monto para calcular el 5% que le corresponde al club formador, hay much\u00edsimos caminos por utilizar, pero est\u00e1 estipulado en la Ley que de ser as\u00ed se tomar\u00e1n 36 Salarios M\u00ednimos Vitales y M\u00f3viles como base\u201d<br \/>\nLos organizadores agradecieron la presencia de dirigentes de clubes, funcionarios estatales, abogados, representantes; porque solo de esta manera puede conocerse esta nueva legislaci\u00f3n que no tiene la necesaria divulgaci\u00f3n en medios masivos de comunicaci\u00f3n.<br \/>\nAnteriormente el Dr. Outerelo, junto a Oscar Yodice, participaron de entrevista en Radio Diez, donde se explayaron sobre el mismo tema.<\/p>\n","protected":false},"excerpt":{"rendered":"<p>El lunes 23 de mayo, la diputada provincial Claudia Giaccone particip\u00f3 en reuniones con autoridades comunales, referentes justicialista, directivos de asociaciones y medios de prensa en Reconquista, Las Garzas, Tacuarend\u00ed, Villa Ocampo, Arroyo Ceibal e Ing. Chanourdie. Reconquista. Por la ma\u00f1ana, en la Sala de Prensa Municipal, realiz\u00f3 junto al Secretario de Deportes y Recreaci\u00f3n <a href=\"https:\/\/armstrongyregion.com.ar\/diario\/la-diputada-giaccone-visito-localidades-del-dto-obligado\/\" title=\"Read more\" >&#8230;<\/a><\/p>\n","protected":false},"author":2,"featured_media":7952,"comment_status":"open","ping_status":"open","sticky":false,"template":"","format":"standard","meta":{"_jetpack_memberships_contains_paid_content":false,"footnotes":"","jetpack_publicize_message":"","jetpack_publicize_feature_enabled":true,"jetpack_social_post_already_shared":false,"jetpack_social_options":{"image_generator_settings":{"template":"highway","default_image_id":0,"enabled":false},"version":2}},"categories":[1,7,3],"tags":[1929,53,872,1019,2204,210],"class_list":["post-7951","post","type-post","status-publish","format-standard","has-post-thumbnail","hentry","category-diario-armstrong","category-politica","category-region","tag-ciudades","tag-del","tag-departamento","tag-giaccone","tag-obligado","tag-visito"],"jetpack_publicize_connections":[],"jetpack_featured_media_url":"https:\/\/armstrongyregion.com.ar\/diario\/wp-content\/uploads\/2016\/05\/reconquista-confprensa2-230516.jpg","jetpack_shortlink":"https:\/\/wp.me\/p62QDO-24f","jetpack_sharing_enabled":true,"amp_enabled":true,"_links":{"self":[{"href":"https:\/\/armstrongyregion.com.ar\/diario\/wp-json\/wp\/v2\/posts\/7951","targetHints":{"allow":["GET"]}}],"collection":[{"href":"https:\/\/armstrongyregion.com.ar\/diario\/wp-json\/wp\/v2\/posts"}],"about":[{"href":"https:\/\/armstrongyregion.com.ar\/diario\/wp-json\/wp\/v2\/types\/post"}],"author":[{"embeddable":true,"href":"https:\/\/armstrongyregion.com.ar\/diario\/wp-json\/wp\/v2\/users\/2"}],"replies":[{"embeddable":true,"href":"https:\/\/armstrongyregion.com.ar\/diario\/wp-json\/wp\/v2\/comments?post=7951"}],"version-history":[{"count":0,"href":"https:\/\/armstrongyregion.com.ar\/diario\/wp-json\/wp\/v2\/posts\/7951\/revisions"}],"wp:featuredmedia":[{"embeddable":true,"href":"https:\/\/armstrongyregion.com.ar\/diario\/wp-json\/wp\/v2\/media\/7952"}],"wp:attachment":[{"href":"https:\/\/armstrongyregion.com.ar\/diario\/wp-json\/wp\/v2\/media?parent=7951"}],"wp:term":[{"taxonomy":"category","embeddable":true,"href":"https:\/\/armstrongyregion.com.ar\/diario\/wp-json\/wp\/v2\/categories?post=7951"},{"taxonomy":"post_tag","embeddable":true,"href":"https:\/\/armstrongyregion.com.ar\/diario\/wp-json\/wp\/v2\/tags?post=7951"}],"curies":[{"name":"wp","href":"https:\/\/api.w.org\/{rel}","templated":true}]}}