{"id":7946,"date":"2016-05-25T22:48:43","date_gmt":"2016-05-25T22:48:43","guid":{"rendered":"https:\/\/armstrongyregion.com.ar\/diario\/?p=7946"},"modified":"2016-05-25T22:56:54","modified_gmt":"2016-05-25T22:56:54","slug":"armstrong-se-realizo-el-acto-del-25-de-mayo-2","status":"publish","type":"post","link":"https:\/\/armstrongyregion.com.ar\/diario\/armstrong-se-realizo-el-acto-del-25-de-mayo-2\/","title":{"rendered":"Armstrong. Se realiz\u00f3 el acto del 25 de Mayo."},"content":{"rendered":"<p><a href=\"http:\/\/armstrongyregion.com.ar\/diario\/wp-content\/uploads\/2016\/05\/Acto-.jpg\"><img loading=\"lazy\" decoding=\"async\" src=\"http:\/\/armstrongyregion.com.ar\/diario\/wp-content\/uploads\/2016\/05\/Acto-.jpg\" alt=\"Acto-\" width=\"960\" height=\"540\" class=\"alignnone size-full wp-image-7947\" srcset=\"https:\/\/armstrongyregion.com.ar\/diario\/wp-content\/uploads\/2016\/05\/Acto-.jpg 960w, https:\/\/armstrongyregion.com.ar\/diario\/wp-content\/uploads\/2016\/05\/Acto--300x169.jpg 300w\" sizes=\"auto, (max-width: 960px) 100vw, 960px\" \/><\/a>A partir de las 14:30 hs. de este mi\u00e9rcoles  25 de mayo en plaza Gral. San Mart\u00edn se llev\u00f3 a cabo el acto para conmemorar el 206\u00ba aniversario de la Revoluci\u00f3n de Mayo, organizado por la Secretar\u00eda de Educaci\u00f3n, Cultura y Deporte municipal y las escuelas 600 Manuel Belgrano y la Esc. De Comercio N\u00ba 51 Dr. Manuel Belgrano.<br \/>\nEl mismo fue encabezado por el Intendente Dr. Pablo Verdecchia, y se cont\u00f3 con la presencia de concejales, funcionarios municipales, representantes de las fuerzas de seguridad, instituciones educativas, deportivas, gremiales, civiles, medios de comunicaci\u00f3n y p\u00fablico en general.<br \/>\nM\u00e1s tarde, hizo uso de la palabra el Dr. Verdecchia quien, en un fragmento de su discurso dijo: \u00abTodo cambio necesita del apoyo de todo un pueblo en sus diversas expresiones para ser posible\u00bb,<br \/>\nLuego agreg\u00f3 que \u201cno hay crecimiento si no se trabaja en conjunto y no hay patria posible si se promueven las divisiones; no debe existir bandera pol\u00edtica, raza, ni religi\u00f3n que nos pueda separar si todos los argentinos nos envolvemos en la amada bandera celeste y blanca\u00bb.<br \/>\nLas instituciones educativas ofrecieron distintos n\u00fameros art\u00edsticos.<\/p>\n","protected":false},"excerpt":{"rendered":"<p>A partir de las 14:30 hs. de este mi\u00e9rcoles 25 de mayo en plaza Gral. San Mart\u00edn se llev\u00f3 a cabo el acto para conmemorar el 206\u00ba aniversario de la Revoluci\u00f3n de Mayo, organizado por la Secretar\u00eda de Educaci\u00f3n, Cultura y Deporte municipal y las escuelas 600 Manuel Belgrano y la Esc. De Comercio N\u00ba <a href=\"https:\/\/armstrongyregion.com.ar\/diario\/armstrong-se-realizo-el-acto-del-25-de-mayo-2\/\" title=\"Read more\" >&#8230;<\/a><\/p>\n","protected":false},"author":2,"featured_media":7947,"comment_status":"open","ping_status":"open","sticky":false,"template":"","format":"standard","meta":{"_jetpack_memberships_contains_paid_content":false,"footnotes":"","jetpack_publicize_message":"","jetpack_publicize_feature_enabled":true,"jetpack_social_post_already_shared":false,"jetpack_social_options":{"image_generator_settings":{"template":"highway","default_image_id":0,"enabled":false},"version":2}},"categories":[1,2,7,3],"tags":[1727,1212,20,3989,53],"class_list":["post-7946","post","type-post","status-publish","format-standard","has-post-thumbnail","hentry","category-diario-armstrong","category-locales","category-politica","category-region","tag-1727","tag-acto","tag-armstrong","tag-de-mayo","tag-del"],"jetpack_publicize_connections":[],"jetpack_featured_media_url":"https:\/\/armstrongyregion.com.ar\/diario\/wp-content\/uploads\/2016\/05\/Acto-.jpg","jetpack_shortlink":"https:\/\/wp.me\/p62QDO-24a","jetpack_sharing_enabled":true,"amp_enabled":true,"_links":{"self":[{"href":"https:\/\/armstrongyregion.com.ar\/diario\/wp-json\/wp\/v2\/posts\/7946","targetHints":{"allow":["GET"]}}],"collection":[{"href":"https:\/\/armstrongyregion.com.ar\/diario\/wp-json\/wp\/v2\/posts"}],"about":[{"href":"https:\/\/armstrongyregion.com.ar\/diario\/wp-json\/wp\/v2\/types\/post"}],"author":[{"embeddable":true,"href":"https:\/\/armstrongyregion.com.ar\/diario\/wp-json\/wp\/v2\/users\/2"}],"replies":[{"embeddable":true,"href":"https:\/\/armstrongyregion.com.ar\/diario\/wp-json\/wp\/v2\/comments?post=7946"}],"version-history":[{"count":0,"href":"https:\/\/armstrongyregion.com.ar\/diario\/wp-json\/wp\/v2\/posts\/7946\/revisions"}],"wp:featuredmedia":[{"embeddable":true,"href":"https:\/\/armstrongyregion.com.ar\/diario\/wp-json\/wp\/v2\/media\/7947"}],"wp:attachment":[{"href":"https:\/\/armstrongyregion.com.ar\/diario\/wp-json\/wp\/v2\/media?parent=7946"}],"wp:term":[{"taxonomy":"category","embeddable":true,"href":"https:\/\/armstrongyregion.com.ar\/diario\/wp-json\/wp\/v2\/categories?post=7946"},{"taxonomy":"post_tag","embeddable":true,"href":"https:\/\/armstrongyregion.com.ar\/diario\/wp-json\/wp\/v2\/tags?post=7946"}],"curies":[{"name":"wp","href":"https:\/\/api.w.org\/{rel}","templated":true}]}}