{"id":7937,"date":"2016-05-25T22:06:23","date_gmt":"2016-05-25T22:06:23","guid":{"rendered":"https:\/\/armstrongyregion.com.ar\/diario\/?p=7937"},"modified":"2016-05-25T22:06:23","modified_gmt":"2016-05-25T22:06:23","slug":"el-ministerio-de-agroindustria-de-la-nacion-junto-a-los-productores-en-agroactiva","status":"publish","type":"post","link":"https:\/\/armstrongyregion.com.ar\/diario\/el-ministerio-de-agroindustria-de-la-nacion-junto-a-los-productores-en-agroactiva\/","title":{"rendered":"El Ministerio de Agroindustria de la Naci\u00f3n junto a los productores en AgroActiva."},"content":{"rendered":"<p><a href=\"http:\/\/armstrongyregion.com.ar\/diario\/wp-content\/uploads\/2016\/05\/inta.jpg\"><img loading=\"lazy\" decoding=\"async\" src=\"http:\/\/armstrongyregion.com.ar\/diario\/wp-content\/uploads\/2016\/05\/inta.jpg\" alt=\"inta\" width=\"768\" height=\"514\" class=\"alignnone size-full wp-image-7938\" srcset=\"https:\/\/armstrongyregion.com.ar\/diario\/wp-content\/uploads\/2016\/05\/inta.jpg 768w, https:\/\/armstrongyregion.com.ar\/diario\/wp-content\/uploads\/2016\/05\/inta-300x201.jpg 300w\" sizes=\"auto, (max-width: 768px) 100vw, 768px\" \/><\/a>El ente estatal dir\u00e1 presente para tomar contacto directo con la cadena agroindustrial de nuestro pa\u00eds. En su stand habr\u00e1 t\u00e9cnicos respondiendo las consultas de los visitantes de la mega muestra.<\/p>\n<p>El Ministerio de Agroindustria de la Naci\u00f3n tendr\u00e1 una fuerte presencia en AgroActiva y ocupar\u00e1 un lugar preponderante en la feria. Para estar cerca de los productores, para contar sus proyectos y programas, para dialogar sobre las principales problem\u00e1ticas que atraviesa el sector y para acompa\u00f1ar a toda la cadena agroindustrial del pa\u00eds el organismo estatal dir\u00e1 presente del 8 al 11 de junio en Monje, provincia de Santa Fe.<\/p>\n<p>Ante la consulta de la prensa, en el ministerio respondieron una serie de preguntas y adelantaron c\u00f3mo ser\u00e1 su participaci\u00f3n en AgroActiva. Prev\u00e9n mucha asistencia de t\u00e9cnicos para atender el stand y un nutrido ciclo de charlas que coordinar\u00e1 el INTA.<\/p>\n<p>\u00bfPor qu\u00e9 el Ministerio tom\u00f3 la decisi\u00f3n de participar de la expo?<\/p>\n<p>-Agroactiva es una muestra muy importante para el sector agropecuario. Nuestro Ministerio tom\u00f3 una impronta de cercan\u00eda con la gente. Estamos recorriendo el pa\u00eds y visitando, junto con todo el equipo los pueblos y ciudades de nuestras provincias. Tenemos que estar cerca de la gente, compartir los conocimientos, las pol\u00edticas y acompa\u00f1ar al sector agroindustrial en el proceso de recuperaci\u00f3n.<\/p>\n<p>\u00bfC\u00f3mo va a ser la presencia del Ministerio de AgroActiva?<\/p>\n<p>-Vamos a estar con un stand abierto para todo el p\u00fablico. Somos un Ministerio de servicios. Queremos charlar con la gente, contarle lo que estamos haciendo, y lo m\u00e1s importante, escucharlos. Van a poder encontrar tecnolog\u00eda, d\u00f3nde y c\u00f3mo realizar tr\u00e1mites, informaci\u00f3n, tener contacto con funcionarios y conocer much\u00edsimas cosas que estamos haciendo d\u00eda a d\u00eda.<\/p>\n<p>\u00bfQu\u00e9 objetivo tiene el organismo con la presencia en la feria?<\/p>\n<p>-Llevar el Ministerio de Agroindustria a todos los productores y a cada eslab\u00f3n de la cadena productiva. Es el Ministerio que los representa y debemos estar donde est\u00e1n ellos.<\/p>\n<p>\u00bfParticipar\u00e1n junto al Ministerio otros organismos como INTA, SENASA, INSE, etc?<\/p>\n<p>Agroindustria y sus organismos descentralizados son una sola cosa. Somos un equipo. Estar\u00e1n presentes en nuestro est\u00e1n el INTA, SENASA, INIDEP y el INASE. Tambi\u00e9n tendr\u00e1 un lugar muy importante la UCAR. Estos organismos tienen una impronta muy t\u00e9cnica y un trabajo territorial muy interesante. En esta nueva etapa de Agroindustria trabajan en conjunto con nosotros en cada presencia que tenemos en el interior.<\/p>\n<p>\u00bfHabr\u00e1 charlas, conferencias, actividades t\u00e9cnicas en el stand?<\/p>\n<p>Habr\u00e1 charlas t\u00e9cnicas a cargo de especialistas del INTA.<\/p>\n<p>\u00bfCu\u00e1les son los principales temas en que est\u00e1 trabajando el Ministerio?<\/p>\n<p>Estamos trabajando fuertemente para agregar valor, mejorar la productividad y volver al mundo. Ni bien asumimos empezamos a cumplir con muchos reclamos hist\u00f3ricos. Sacamos la retenciones, los ROEs y unificamos el tipo de cambio. Estamos recuperando funciones del Ministerio y trabajando firmemente para recuperar mercados. Ya lo hemos logrado con EEUU y la UE. Nuestras exportaciones aumentaron m\u00e1s del 70%. Sabemos que faltan muchas cosas por hacer, pero podemos lograrlo juntos.<\/p>\n<p>Novedades y tendencias de la maquinaria agr\u00edcola en AgroActiva<\/p>\n<p>AgroActiva 2016: Una expo donde las tendencias en mecanizaci\u00f3n quedar\u00e1n en evidencia en cada stand y empresa, un aire de mayor inversi\u00f3n y una necesidad de reposici\u00f3n de maquinaria agr\u00edcola acumulada hacen prever mayores y mejores innovaciones, de hecho los asistentes encontraran una AgroActiva 2016, del 8 al 11 de junio en Monje, m\u00e1s grande y con novedades importantes en la propuesta de capacitaci\u00f3n.<\/p>\n<p>Muchas de estas novedades y avances tecnol\u00f3gicos podr\u00e1n verse en el stand del Ministerio de Agroindustria de la Naci\u00f3n, con el sustento t\u00e9cnico del INTA. En este sentido, el ingeniero agr\u00f3nomo M.Sc. Mario Bragachini, Coordinador del Proyecto Integrador 1 del PNAIyAV de INTA y uno de los referentes en Mecanizaci\u00f3n Agr\u00edcola explic\u00f3, en resumen, como ser\u00e1 la participaci\u00f3n del organismo estatal en la mega muestra. \u201cArmaremos un stand lo m\u00e1s did\u00e1ctico posible, y un servicio de informaci\u00f3n t\u00e9cnica que en parte responda a la coyuntura de las inundaciones, cosecha, postcosecha, granos con problemas de toxinas, en alimentaci\u00f3n animal, sanidad y nutrici\u00f3n en el contexto en el tema carne y leche, siembra de trigo, calidad de grano, Agricultura y Ganader\u00eda de Precisi\u00f3n, Bioenerg\u00eda distribuida, BPA y BPP\u201d.<\/p>\n<p>El INTA colaborar\u00e1 en AgroActiva t\u00e9cnicamente en cada din\u00e1mica con datos t\u00e9cnicos antes de cada largada de secuencias de m\u00e1quinas. De parte del Ministerio de Agroindustria se atender\u00e1n las urgencias de los auxilios de la ley de emergencia y otras ayudas financieras.<\/p>\n<p>Asimismo, el equipo t\u00e9cnico del \u00e1rea agropecuaria del Gobierno nacional, al igual que en los tres \u00faltimos a\u00f1os, atender\u00e1 con la Agencia Pro C\u00f3rdoba a los visitantes del exterior que concurran a la feria. \u201cSe desarrollar\u00e1 una mini din\u00e1mica el primer d\u00eda de AgroActiva junto con la Ronda de Negocios, donde participan todas las m\u00e1quinas nacionales\u201d, dijo Bragachini. El cronograma dispone que a primera hora se efect\u00faen las disertaciones t\u00e9cnicas y la proyecci\u00f3n de videos en tres idiomas, entrega de material t\u00e9cnico y luego din\u00e1micas exclusivas en un sitio estrat\u00e9gico del predio.<\/p>\n<p>Agroindustria ocupar\u00e1, junto a sus organismos descentralizados (INTA, Senasa e INASE, entre otros), un lote de 2.400 metros cuadrados en uno de los lugares centrales de la est\u00e1tica de la muestra. All\u00ed, adem\u00e1s de recibir a los visitantes que busquen informaci\u00f3n sobre los programas, consulten en la biblioteca o dialoguen con los t\u00e9cnicos se instalar\u00e1 un silo bolsa porque \u201cqueremos llamar la atenci\u00f3n de los productores para darles los consejos t\u00e9cnicos de c\u00f3mo controlar y salvar los granos introducidos dentro de la bolsa con cualquier humedad y calidad, esto es una bomba que fabrica toxinas y hay que manejarlo con cuidado para no perderlo todo en los pr\u00f3ximos meses\u201d, concluy\u00f3 el ingeniero Mario Bragachini.<\/p>\n","protected":false},"excerpt":{"rendered":"<p>El ente estatal dir\u00e1 presente para tomar contacto directo con la cadena agroindustrial de nuestro pa\u00eds. En su stand habr\u00e1 t\u00e9cnicos respondiendo las consultas de los visitantes de la mega muestra. El Ministerio de Agroindustria de la Naci\u00f3n tendr\u00e1 una fuerte presencia en AgroActiva y ocupar\u00e1 un lugar preponderante en la feria. Para estar cerca <a href=\"https:\/\/armstrongyregion.com.ar\/diario\/el-ministerio-de-agroindustria-de-la-nacion-junto-a-los-productores-en-agroactiva\/\" title=\"Read more\" >&#8230;<\/a><\/p>\n","protected":false},"author":2,"featured_media":7938,"comment_status":"open","ping_status":"open","sticky":false,"template":"","format":"standard","meta":{"_jetpack_memberships_contains_paid_content":false,"footnotes":"","jetpack_publicize_message":"","jetpack_publicize_feature_enabled":true,"jetpack_social_post_already_shared":false,"jetpack_social_options":{"image_generator_settings":{"template":"highway","default_image_id":0,"enabled":false},"version":2}},"categories":[1,7,3],"tags":[492,2633,19,15,860],"class_list":["post-7937","post","type-post","status-publish","format-standard","has-post-thumbnail","hentry","category-diario-armstrong","category-politica","category-region","tag-agroactiva","tag-agroindustria","tag-de","tag-en","tag-ministerio"],"jetpack_publicize_connections":[],"jetpack_featured_media_url":"https:\/\/armstrongyregion.com.ar\/diario\/wp-content\/uploads\/2016\/05\/inta.jpg","jetpack_shortlink":"https:\/\/wp.me\/p62QDO-241","jetpack_sharing_enabled":true,"amp_enabled":true,"_links":{"self":[{"href":"https:\/\/armstrongyregion.com.ar\/diario\/wp-json\/wp\/v2\/posts\/7937","targetHints":{"allow":["GET"]}}],"collection":[{"href":"https:\/\/armstrongyregion.com.ar\/diario\/wp-json\/wp\/v2\/posts"}],"about":[{"href":"https:\/\/armstrongyregion.com.ar\/diario\/wp-json\/wp\/v2\/types\/post"}],"author":[{"embeddable":true,"href":"https:\/\/armstrongyregion.com.ar\/diario\/wp-json\/wp\/v2\/users\/2"}],"replies":[{"embeddable":true,"href":"https:\/\/armstrongyregion.com.ar\/diario\/wp-json\/wp\/v2\/comments?post=7937"}],"version-history":[{"count":0,"href":"https:\/\/armstrongyregion.com.ar\/diario\/wp-json\/wp\/v2\/posts\/7937\/revisions"}],"wp:featuredmedia":[{"embeddable":true,"href":"https:\/\/armstrongyregion.com.ar\/diario\/wp-json\/wp\/v2\/media\/7938"}],"wp:attachment":[{"href":"https:\/\/armstrongyregion.com.ar\/diario\/wp-json\/wp\/v2\/media?parent=7937"}],"wp:term":[{"taxonomy":"category","embeddable":true,"href":"https:\/\/armstrongyregion.com.ar\/diario\/wp-json\/wp\/v2\/categories?post=7937"},{"taxonomy":"post_tag","embeddable":true,"href":"https:\/\/armstrongyregion.com.ar\/diario\/wp-json\/wp\/v2\/tags?post=7937"}],"curies":[{"name":"wp","href":"https:\/\/api.w.org\/{rel}","templated":true}]}}