{"id":7934,"date":"2016-05-25T22:00:16","date_gmt":"2016-05-25T22:00:16","guid":{"rendered":"https:\/\/armstrongyregion.com.ar\/diario\/?p=7934"},"modified":"2016-05-25T22:00:16","modified_gmt":"2016-05-25T22:00:16","slug":"canada-de-gomez-reclaman-fondos-para-la-red-vial-comunal","status":"publish","type":"post","link":"https:\/\/armstrongyregion.com.ar\/diario\/canada-de-gomez-reclaman-fondos-para-la-red-vial-comunal\/","title":{"rendered":"Ca\u00f1ada de G\u00f3mez. Reclaman fondos para la Red Vial Comunal."},"content":{"rendered":"<p><a href=\"http:\/\/armstrongyregion.com.ar\/diario\/wp-content\/uploads\/2016\/05\/Concejales-.jpg\"><img loading=\"lazy\" decoding=\"async\" src=\"http:\/\/armstrongyregion.com.ar\/diario\/wp-content\/uploads\/2016\/05\/Concejales-.jpg\" alt=\"Concejales-\" width=\"768\" height=\"512\" class=\"alignnone size-full wp-image-7935\" srcset=\"https:\/\/armstrongyregion.com.ar\/diario\/wp-content\/uploads\/2016\/05\/Concejales-.jpg 768w, https:\/\/armstrongyregion.com.ar\/diario\/wp-content\/uploads\/2016\/05\/Concejales--300x200.jpg 300w\" sizes=\"auto, (max-width: 768px) 100vw, 768px\" \/><\/a>Los concejales Casalegno, D\u00edaz Patr\u00f3n y Guzmaroli impulsaron una<br \/>\niniciativa dirigida al senador Rasetto, solicitando los aportes<br \/>\ncorrespondientes para garantizar la transitabilidad de los caminos tras<br \/>\nla crisis h\u00eddrica sufrida los \u00faltimos meses.<\/p>\n<p>Los concejales del Frente Justicialista para la Victoria reclamaron al<br \/>\nsenador Hugo Rasetto, el env\u00edo de la suma de 2 millones de pesos<br \/>\ncorrespondientes al monto proporcional que deber\u00eda recibir la ciudad de<br \/>\nCa\u00f1ada de G\u00f3mez en virtud de la extensi\u00f3n de su red de caminos comunales<br \/>\no red terciaria, tras el anuncio de inversi\u00f3n de 300 millones de pesos<br \/>\nque ser\u00e1n distribuidos por la Direcci\u00f3n de Vialidad Provincial, para<br \/>\ngarantizar la transitabilidad de los caminos tras la crisis h\u00eddrica<br \/>\nsufrida los \u00faltimos meses.<br \/>\nEl concejal Diego D\u00edaz Patr\u00f3n inform\u00f3 que \u201creclamamos esta suma al<br \/>\nsenador tras el anuncio hecho por el Gobierno de la Provincia de Santa<br \/>\nFe, de env\u00edo de fondos para la recuperaci\u00f3n de la red de caminos<br \/>\ncomunales para las distintas localidades del territorio provincial, tras<br \/>\nla intensas lluvias de los meses pasados\u201d.<br \/>\nEl distrito rural de Ca\u00f1ada de G\u00f3mez, tiene unos 650 kil\u00f3metros de<br \/>\ncaminos rurales comunales, lo que representa un 0,72 % de la red vial<br \/>\nterciaria del territorio provincial, de 90.000 kil\u00f3metros, por lo tanto<br \/>\nsi se repartir\u00e1n 300 millones de pesos, a nuestra ciudad le corresponden<br \/>\naproximadamente unos 2 millones de pesos, seg\u00fan detall\u00f3 el<br \/>\nvicepresidente del Concejo, D\u00edaz Patr\u00f3n.<br \/>\nEl mencionado edil a\u00f1adi\u00f3 que seg\u00fan anuncio \u201cel senador provincial del<br \/>\ndepartamento Iriondo, Hugo Rasetto, anunci\u00f3 que los municipios y comunas<br \/>\nde dicha jurisdicci\u00f3n cuentan con la informaci\u00f3n para solicitar dichos<br \/>\nrecursos, pero la suma que iba a llegar a Ca\u00f1ada era de 300 pesos, y lo<br \/>\nque corresponde es que lleguen 2 millones por la proporci\u00f3n de<br \/>\nkil\u00f3metros que corresponde nuestro distrito rural\u201d, suma que es<br \/>\nnecesaria para ayudar a las localidades para garantizar la<br \/>\ntransitabilidad de los caminos y de la producci\u00f3n agropecuaria de la<br \/>\nzona.<br \/>\nExplic\u00f3 adem\u00e1s que \u201centre los caminos y rutas provinciales mencionados<br \/>\nque atraviesan la jurisdicci\u00f3n de Ca\u00f1ada de G\u00f3mez, est\u00e1 la Ruta 19S, que<br \/>\nen algunos de sus tramos se encuentra pr\u00e1cticamente intransitable\u201d, \u201csi<br \/>\nbien los tramos m\u00e1s comprometidos de dicha ruta provincial se encuentran<br \/>\nbajo la jurisdicci\u00f3n de Bustinza, Comuna que ya ha elevado los reclamos<br \/>\ncorrespondientes incluso adjuntando documentaci\u00f3n fotogr\u00e1fica, el hecho<br \/>\nde que est\u00e9 comprometido el tr\u00e1nsito perjudica a los productores<br \/>\nagropecuarios de todos los distritos lindantes\u201d.<\/p>\n","protected":false},"excerpt":{"rendered":"<p>Los concejales Casalegno, D\u00edaz Patr\u00f3n y Guzmaroli impulsaron una iniciativa dirigida al senador Rasetto, solicitando los aportes correspondientes para garantizar la transitabilidad de los caminos tras la crisis h\u00eddrica sufrida los \u00faltimos meses. Los concejales del Frente Justicialista para la Victoria reclamaron al senador Hugo Rasetto, el env\u00edo de la suma de 2 millones de <a href=\"https:\/\/armstrongyregion.com.ar\/diario\/canada-de-gomez-reclaman-fondos-para-la-red-vial-comunal\/\" title=\"Read more\" >&#8230;<\/a><\/p>\n","protected":false},"author":2,"featured_media":7935,"comment_status":"open","ping_status":"open","sticky":false,"template":"","format":"standard","meta":{"_jetpack_memberships_contains_paid_content":false,"footnotes":"","jetpack_publicize_message":"","jetpack_publicize_feature_enabled":true,"jetpack_social_post_already_shared":false,"jetpack_social_options":{"image_generator_settings":{"template":"highway","default_image_id":0,"enabled":false},"version":2}},"categories":[1,7,3],"tags":[2050,3950,81,3987,2669,1718],"class_list":["post-7934","post","type-post","status-publish","format-standard","has-post-thumbnail","hentry","category-diario-armstrong","category-politica","category-region","tag-comunal","tag-fondos","tag-para","tag-reclaman","tag-red","tag-vial"],"jetpack_publicize_connections":[],"jetpack_featured_media_url":"https:\/\/armstrongyregion.com.ar\/diario\/wp-content\/uploads\/2016\/05\/Concejales-.jpg","jetpack_shortlink":"https:\/\/wp.me\/p62QDO-23Y","jetpack_sharing_enabled":true,"amp_enabled":true,"_links":{"self":[{"href":"https:\/\/armstrongyregion.com.ar\/diario\/wp-json\/wp\/v2\/posts\/7934","targetHints":{"allow":["GET"]}}],"collection":[{"href":"https:\/\/armstrongyregion.com.ar\/diario\/wp-json\/wp\/v2\/posts"}],"about":[{"href":"https:\/\/armstrongyregion.com.ar\/diario\/wp-json\/wp\/v2\/types\/post"}],"author":[{"embeddable":true,"href":"https:\/\/armstrongyregion.com.ar\/diario\/wp-json\/wp\/v2\/users\/2"}],"replies":[{"embeddable":true,"href":"https:\/\/armstrongyregion.com.ar\/diario\/wp-json\/wp\/v2\/comments?post=7934"}],"version-history":[{"count":0,"href":"https:\/\/armstrongyregion.com.ar\/diario\/wp-json\/wp\/v2\/posts\/7934\/revisions"}],"wp:featuredmedia":[{"embeddable":true,"href":"https:\/\/armstrongyregion.com.ar\/diario\/wp-json\/wp\/v2\/media\/7935"}],"wp:attachment":[{"href":"https:\/\/armstrongyregion.com.ar\/diario\/wp-json\/wp\/v2\/media?parent=7934"}],"wp:term":[{"taxonomy":"category","embeddable":true,"href":"https:\/\/armstrongyregion.com.ar\/diario\/wp-json\/wp\/v2\/categories?post=7934"},{"taxonomy":"post_tag","embeddable":true,"href":"https:\/\/armstrongyregion.com.ar\/diario\/wp-json\/wp\/v2\/tags?post=7934"}],"curies":[{"name":"wp","href":"https:\/\/api.w.org\/{rel}","templated":true}]}}