{"id":7921,"date":"2016-05-24T13:58:51","date_gmt":"2016-05-24T13:58:51","guid":{"rendered":"https:\/\/armstrongyregion.com.ar\/diario\/?p=7921"},"modified":"2016-05-24T13:58:51","modified_gmt":"2016-05-24T13:58:51","slug":"deliberando-hoy-vialidad-provincial-ex-senador-y-diputada-de-f-p-c-y-s","status":"publish","type":"post","link":"https:\/\/armstrongyregion.com.ar\/diario\/deliberando-hoy-vialidad-provincial-ex-senador-y-diputada-de-f-p-c-y-s\/","title":{"rendered":"Deliberando hoy Vialidad Provincial, Ex Senador y Diputada de F.P.C.y S."},"content":{"rendered":"<p><a href=\"http:\/\/armstrongyregion.com.ar\/diario\/wp-content\/uploads\/2016\/05\/DSC_0546.jpg\"><img loading=\"lazy\" decoding=\"async\" src=\"http:\/\/armstrongyregion.com.ar\/diario\/wp-content\/uploads\/2016\/05\/DSC_0546-1024x683.jpg\" alt=\"Claudio-Recanatesi-\" width=\"800\" height=\"534\" class=\"alignnone size-large wp-image-7922\" srcset=\"https:\/\/armstrongyregion.com.ar\/diario\/wp-content\/uploads\/2016\/05\/DSC_0546-1024x683.jpg 1024w, https:\/\/armstrongyregion.com.ar\/diario\/wp-content\/uploads\/2016\/05\/DSC_0546-300x200.jpg 300w\" sizes=\"auto, (max-width: 800px) 100vw, 800px\" \/><\/a>En un primer bloque participara el Dr. Claudio Recanatesi, Asesor Legal y Tecnico de Vialidad Provincial, nos informara sobre los trabajos presupuestados que el gobierno tendr\u00e1 en cuenta a concretar para este 2016.<br \/>\nEl ex Senador Alberto Crossetti, si bien no est\u00e1 en funciones, contin\u00faa y continuara trabajando en pol\u00edtica, viene a nuestro programa a aclarar de qu\u00e9 manera fueron atacados su nombre y honorabilidad solicitando las disculpas correspondientes p\u00fablicamente.<br \/>\nFinalmente, Victoria Tejeda, Diputada del F.P.C.y S, corondina de 27 a\u00f1os nos har\u00e1 un repaso de sus 5 primeros meses de gesti\u00f3n, su opini\u00f3n del actual gobierno nacional y proyectos a trabajar entre ellos darle mayor relevancia al turismo santafesino.<br \/>\nEstos temas este martes en DELIBERANDO, con la conducci\u00f3n de la licenciada Graciela de la Casa y Oscar Crispino.<br \/>\nCABLEIMAGENARMSTRONG. MARTES 21hs- REITERACION: MIERCOLES 13,30hs y DOMINGOS 13,30hs.<\/p>\n","protected":false},"excerpt":{"rendered":"<p>En un primer bloque participara el Dr. Claudio Recanatesi, Asesor Legal y Tecnico de Vialidad Provincial, nos informara sobre los trabajos presupuestados que el gobierno tendr\u00e1 en cuenta a concretar para este 2016. El ex Senador Alberto Crossetti, si bien no est\u00e1 en funciones, contin\u00faa y continuara trabajando en pol\u00edtica, viene a nuestro programa a <a href=\"https:\/\/armstrongyregion.com.ar\/diario\/deliberando-hoy-vialidad-provincial-ex-senador-y-diputada-de-f-p-c-y-s\/\" title=\"Read more\" >&#8230;<\/a><\/p>\n","protected":false},"author":2,"featured_media":7922,"comment_status":"open","ping_status":"open","sticky":false,"template":"","format":"standard","meta":{"_jetpack_memberships_contains_paid_content":false,"footnotes":"","jetpack_publicize_message":"","jetpack_publicize_feature_enabled":true,"jetpack_social_post_already_shared":false,"jetpack_social_options":{"image_generator_settings":{"template":"highway","default_image_id":0,"enabled":false},"version":2}},"categories":[8,1,2,3],"tags":[239,44,839,928,3984,2267],"class_list":["post-7921","post","type-post","status-publish","format-standard","has-post-thumbnail","hentry","category-deliberando","category-diario-armstrong","category-locales","category-region","tag-crossetti","tag-deliberando-2","tag-hoy","tag-provincial","tag-tejera","tag-vialidad"],"jetpack_publicize_connections":[],"jetpack_featured_media_url":"https:\/\/armstrongyregion.com.ar\/diario\/wp-content\/uploads\/2016\/05\/DSC_0546.jpg","jetpack_shortlink":"https:\/\/wp.me\/p62QDO-23L","jetpack_sharing_enabled":true,"amp_enabled":true,"_links":{"self":[{"href":"https:\/\/armstrongyregion.com.ar\/diario\/wp-json\/wp\/v2\/posts\/7921","targetHints":{"allow":["GET"]}}],"collection":[{"href":"https:\/\/armstrongyregion.com.ar\/diario\/wp-json\/wp\/v2\/posts"}],"about":[{"href":"https:\/\/armstrongyregion.com.ar\/diario\/wp-json\/wp\/v2\/types\/post"}],"author":[{"embeddable":true,"href":"https:\/\/armstrongyregion.com.ar\/diario\/wp-json\/wp\/v2\/users\/2"}],"replies":[{"embeddable":true,"href":"https:\/\/armstrongyregion.com.ar\/diario\/wp-json\/wp\/v2\/comments?post=7921"}],"version-history":[{"count":0,"href":"https:\/\/armstrongyregion.com.ar\/diario\/wp-json\/wp\/v2\/posts\/7921\/revisions"}],"wp:featuredmedia":[{"embeddable":true,"href":"https:\/\/armstrongyregion.com.ar\/diario\/wp-json\/wp\/v2\/media\/7922"}],"wp:attachment":[{"href":"https:\/\/armstrongyregion.com.ar\/diario\/wp-json\/wp\/v2\/media?parent=7921"}],"wp:term":[{"taxonomy":"category","embeddable":true,"href":"https:\/\/armstrongyregion.com.ar\/diario\/wp-json\/wp\/v2\/categories?post=7921"},{"taxonomy":"post_tag","embeddable":true,"href":"https:\/\/armstrongyregion.com.ar\/diario\/wp-json\/wp\/v2\/tags?post=7921"}],"curies":[{"name":"wp","href":"https:\/\/api.w.org\/{rel}","templated":true}]}}