{"id":7909,"date":"2016-05-23T22:54:16","date_gmt":"2016-05-23T22:54:16","guid":{"rendered":"https:\/\/armstrongyregion.com.ar\/diario\/?p=7909"},"modified":"2016-05-23T22:54:16","modified_gmt":"2016-05-23T22:54:16","slug":"fundacion-nova-dono-moderno-equipamiento-para-el-hospital-san-jose","status":"publish","type":"post","link":"https:\/\/armstrongyregion.com.ar\/diario\/fundacion-nova-dono-moderno-equipamiento-para-el-hospital-san-jose\/","title":{"rendered":"Fundaci\u00f3n NOVA don\u00f3 moderno equipamiento para el Hospital San Jose."},"content":{"rendered":"<p><a href=\"http:\/\/armstrongyregion.com.ar\/diario\/wp-content\/uploads\/2016\/05\/Hospital-1.jpg\"><img loading=\"lazy\" decoding=\"async\" src=\"http:\/\/armstrongyregion.com.ar\/diario\/wp-content\/uploads\/2016\/05\/Hospital-1.jpg\" alt=\"Hospital (1)\" width=\"768\" height=\"576\" class=\"alignnone size-full wp-image-7910\" srcset=\"https:\/\/armstrongyregion.com.ar\/diario\/wp-content\/uploads\/2016\/05\/Hospital-1.jpg 768w, https:\/\/armstrongyregion.com.ar\/diario\/wp-content\/uploads\/2016\/05\/Hospital-1-300x225.jpg 300w\" sizes=\"auto, (max-width: 768px) 100vw, 768px\" \/><\/a>Se trata de un impedanci\u00f3metro, una tecnolog\u00eda \u00fanica en la ciudad y toda la zona. El flamante equipo jerarquiza el servicio de fonoaudiolog\u00eda del nosocomio provincial. <\/p>\n<p>FUENTE: PERIODICO EL INFORME DE LA CIUDAD (CA\u00d1ADA DE GOMEZ)<\/p>\n<p>Fundaci\u00f3n Nova entreg\u00f3 el pasado jueves un flamante equipamiento que ser\u00e1 destinado al servicio de fonoaudiolog\u00eda del Hospital Provincial San Jos\u00e9. Con la presencia de Carlo Piva como presidente de la empresa y directivos de la misma Fundaci\u00f3n, el acto se llev\u00f3 a cabo en las instalaciones del nosocomio provincial. Luego de ello, y acompa\u00f1ados por la directora Ver\u00f3nica Mosconi, representantes del Consejo de Administraci\u00f3n y profesionales del servicio de fonoaudiolog\u00eda recorrieron todas las instalaciones del Hospital.<br \/>\nEn di\u00e1logo con El Informe, la Lic. Ver\u00f3nica Mosconi expres\u00f3 que \u201cse trata de un impedanci\u00f3metro, lo cual viene a jerarquizar el servicio de fonoaudiolog\u00eda, ya que en el mismo contamos con un otoemisor y un audi\u00f3metro nuevo que ha comprado la Asociaci\u00f3n Cooperadora. Esta donaci\u00f3n de la Fundaci\u00f3n Nova surgi\u00f3 de una iniciativa particular del Dr. Scarabotti, adem\u00e1s del inter\u00e9s de Mar\u00eda Teresa Abrate como representante en el Consejo de Administraci\u00f3n, ya que hace un tiempo que venimos generando este tipo de proyectos en el marco de la campa\u00f1a de \u201cDetecci\u00f3n precoz de alteraciones del lenguaje y d\u00e9ficit auditivo\u201d. Este equipo es \u00fanico en Ca\u00f1ada de G\u00f3mez y toda esta vasta zona\u201d.<br \/>\nEl servicio de fonoaudi\u00f3loga cuenta con cuatro profesionales distribuidos incluso en todos los Centros de Atenci\u00f3n Primaria de la Salud pero que tambi\u00e9n realizan tareas de prevenci\u00f3n y promoci\u00f3n, acompa\u00f1ando esta asistencia va la tecnolog\u00eda de soporte que permite determinar distintas patolog\u00edas. Con el equipo recibido se podr\u00e1n hacer ex\u00e1menes otorrinolaringol\u00f3gicos cuyo objetivo es la medida de las impedancias o resistencias del fen\u00f3meno auditivo, espec\u00edficamente del o\u00eddo medio.<br \/>\n\u201cEs la primera vez que recibimos un aporte de esta magnitud del sector privado para una tecnolog\u00eda de este tipo. Antes para este tipo de estudios deb\u00edamos derivar pacientes a Rosario. As\u00ed que estamos muy contentos porque ha sido un gran aporte para el Hospital\u201d agreg\u00f3 la directora Ver\u00f3nica Mosconi.<\/p>\n","protected":false},"excerpt":{"rendered":"<p>Se trata de un impedanci\u00f3metro, una tecnolog\u00eda \u00fanica en la ciudad y toda la zona. El flamante equipo jerarquiza el servicio de fonoaudiolog\u00eda del nosocomio provincial. FUENTE: PERIODICO EL INFORME DE LA CIUDAD (CA\u00d1ADA DE GOMEZ) Fundaci\u00f3n Nova entreg\u00f3 el pasado jueves un flamante equipamiento que ser\u00e1 destinado al servicio de fonoaudiolog\u00eda del Hospital Provincial <a href=\"https:\/\/armstrongyregion.com.ar\/diario\/fundacion-nova-dono-moderno-equipamiento-para-el-hospital-san-jose\/\" title=\"Read more\" >&#8230;<\/a><\/p>\n","protected":false},"author":2,"featured_media":7910,"comment_status":"open","ping_status":"open","sticky":false,"template":"","format":"standard","meta":{"_jetpack_memberships_contains_paid_content":false,"footnotes":"","jetpack_publicize_message":"","jetpack_publicize_feature_enabled":true,"jetpack_social_post_already_shared":false,"jetpack_social_options":{"image_generator_settings":{"template":"highway","default_image_id":0,"enabled":false},"version":2}},"categories":[1,2,3],"tags":[1907,3980,3979,2076,771,772,3843,81,284],"class_list":["post-7909","post","type-post","status-publish","format-standard","has-post-thumbnail","hentry","category-diario-armstrong","category-locales","category-region","tag-dono","tag-elm","tag-equipamiento","tag-fundacion","tag-hospital","tag-jose","tag-nova","tag-para","tag-san"],"jetpack_publicize_connections":[],"jetpack_featured_media_url":"https:\/\/armstrongyregion.com.ar\/diario\/wp-content\/uploads\/2016\/05\/Hospital-1.jpg","jetpack_shortlink":"https:\/\/wp.me\/p62QDO-23z","jetpack_sharing_enabled":true,"amp_enabled":true,"_links":{"self":[{"href":"https:\/\/armstrongyregion.com.ar\/diario\/wp-json\/wp\/v2\/posts\/7909","targetHints":{"allow":["GET"]}}],"collection":[{"href":"https:\/\/armstrongyregion.com.ar\/diario\/wp-json\/wp\/v2\/posts"}],"about":[{"href":"https:\/\/armstrongyregion.com.ar\/diario\/wp-json\/wp\/v2\/types\/post"}],"author":[{"embeddable":true,"href":"https:\/\/armstrongyregion.com.ar\/diario\/wp-json\/wp\/v2\/users\/2"}],"replies":[{"embeddable":true,"href":"https:\/\/armstrongyregion.com.ar\/diario\/wp-json\/wp\/v2\/comments?post=7909"}],"version-history":[{"count":0,"href":"https:\/\/armstrongyregion.com.ar\/diario\/wp-json\/wp\/v2\/posts\/7909\/revisions"}],"wp:featuredmedia":[{"embeddable":true,"href":"https:\/\/armstrongyregion.com.ar\/diario\/wp-json\/wp\/v2\/media\/7910"}],"wp:attachment":[{"href":"https:\/\/armstrongyregion.com.ar\/diario\/wp-json\/wp\/v2\/media?parent=7909"}],"wp:term":[{"taxonomy":"category","embeddable":true,"href":"https:\/\/armstrongyregion.com.ar\/diario\/wp-json\/wp\/v2\/categories?post=7909"},{"taxonomy":"post_tag","embeddable":true,"href":"https:\/\/armstrongyregion.com.ar\/diario\/wp-json\/wp\/v2\/tags?post=7909"}],"curies":[{"name":"wp","href":"https:\/\/api.w.org\/{rel}","templated":true}]}}