{"id":7903,"date":"2016-05-23T02:11:06","date_gmt":"2016-05-23T02:11:06","guid":{"rendered":"https:\/\/armstrongyregion.com.ar\/diario\/?p=7903"},"modified":"2016-05-23T02:11:06","modified_gmt":"2016-05-23T02:11:06","slug":"se-presento-en-la-sala-iris-marga-eramos-tan-amigas","status":"publish","type":"post","link":"https:\/\/armstrongyregion.com.ar\/diario\/se-presento-en-la-sala-iris-marga-eramos-tan-amigas\/","title":{"rendered":"Se present\u00f3 en la Sala Iris Marga  \u201cEramos tan amigas\u201d."},"content":{"rendered":"<p><a href=\"http:\/\/armstrongyregion.com.ar\/diario\/wp-content\/uploads\/2016\/05\/Claribel-1-.jpg\"><img loading=\"lazy\" decoding=\"async\" src=\"http:\/\/armstrongyregion.com.ar\/diario\/wp-content\/uploads\/2016\/05\/Claribel-1-.jpg\" alt=\"Claribel-1-\" width=\"642\" height=\"366\" class=\"alignnone size-full wp-image-7904\" srcset=\"https:\/\/armstrongyregion.com.ar\/diario\/wp-content\/uploads\/2016\/05\/Claribel-1-.jpg 642w, https:\/\/armstrongyregion.com.ar\/diario\/wp-content\/uploads\/2016\/05\/Claribel-1--300x171.jpg 300w\" sizes=\"auto, (max-width: 642px) 100vw, 642px\" \/><\/a>La obra teatral se present\u00f3 en la Sala Iris Marga del Club Atletico Norte el pasado s\u00e1bado 21 de mayo a las 21,30hs.<br \/>\nEn dicha obra, Claribel Medina y Nazarena V\u00e9lez interpretan  a dos amigas que atraviesan un momento dif\u00edcil.<br \/>\nUna comedia que apuesta a divertir y emocionar con la historia de dos amigas que a partir de una mudanza que viene aparejada con la separaci\u00f3n de una de ellas, comparten recuerdos, an\u00e9cdotas y revelaciones. Entre risas y tensiones, un secreto al descubierto pondr\u00e1 en peligro una amistad de a\u00f1os, pero a la vez servir\u00e1 para cicatrizar heridas.<br \/>\nClaribel Medina, en di\u00e1logo connuestro medio, expres\u00f3 que el p\u00fablico \u201cse va encontrar con una comedia muy linda, humana, simple y cotidiana como es la vida\u201d. La actriz de origen puertorrique\u00f1o, que desarroll\u00f3 la mayor parte de su carrera en la Argentina, se\u00f1al\u00f3 que \u201ceso es lo que tiene de diferente esta comedia y lo que la hace preciosa y destacable: que habla de las cosas comunes de los seres humanos\u201d.<br \/>\n\u2014Es decir, que el espectador se vea reflejado.<br \/>\n\u2014Hombres y mujeres se van a ver identificados. Cualquiera tiene un amigo o amiga a quienes le ha pasado algo as\u00ed. Creo que se van a re\u00edr de cosas que han vivido o han contado.<br \/>\n\u2014\u00bfLa obra est\u00e1 m\u00e1s decantada hacia la comedia o al drama?<br \/>\n\u2014Tiene un cincuenta y un cincuenta. No es todo comedia y no es todo drama. Los momentos dram\u00e1ticos son tan fuertes que ah\u00ed la obra cobra humanidad. Por eso me gusta tanto. No se queda en una cosa liviana, muestra las dificultades de la vida, de las cuales uno se puede re\u00edr. Pero uno se r\u00ede de los problemas y las dificultades despu\u00e9s que pas\u00f3 por el dolor. Y eso es lo que logra esta obra, por eso me encanta. No es m\u00e1s drama o m\u00e1s comedia. Es una combinaci\u00f3n perfecta.<br \/>\nFormatos \u2014\u00bfTe sent\u00eds m\u00e1s c\u00f3moda en teatro que en la televisi\u00f3n, por ejemplo?<br \/>\n\u2014Adoro hacer teatro, pero no es que me siento m\u00e1s c\u00f3moda haciendo teatro que televisi\u00f3n. En el teatro la comunicaci\u00f3n con el p\u00fablico es inmediata, maravillosa. Adoro cantar en vivo porque la devoluci\u00f3n que ten\u00e9s del aplauso, en el momento, no tiene comparaci\u00f3n. Pero la televisi\u00f3n es maravillosa, me fascina. Y es algo con lo que crec\u00ed, desde muy jovencita. Empec\u00e9 en la televisi\u00f3n desde los 18 a\u00f1os haciendo telenovelas. No hay un lugar m\u00e1s c\u00f3modo que el otro, es diferente en lo emocional, en c\u00f3mo uno lo vive.<br \/>\nFoto: Gentileza producci\u00f3n<\/p>\n","protected":false},"excerpt":{"rendered":"<p>La obra teatral se present\u00f3 en la Sala Iris Marga del Club Atletico Norte el pasado s\u00e1bado 21 de mayo a las 21,30hs. En dicha obra, Claribel Medina y Nazarena V\u00e9lez interpretan a dos amigas que atraviesan un momento dif\u00edcil. Una comedia que apuesta a divertir y emocionar con la historia de dos amigas que <a href=\"https:\/\/armstrongyregion.com.ar\/diario\/se-presento-en-la-sala-iris-marga-eramos-tan-amigas\/\" title=\"Read more\" >&#8230;<\/a><\/p>\n","protected":false},"author":2,"featured_media":7904,"comment_status":"open","ping_status":"open","sticky":false,"template":"","format":"standard","meta":{"_jetpack_memberships_contains_paid_content":false,"footnotes":"","jetpack_publicize_message":"","jetpack_publicize_feature_enabled":true,"jetpack_social_post_already_shared":false,"jetpack_social_options":{"image_generator_settings":{"template":"highway","default_image_id":0,"enabled":false},"version":2}},"categories":[6,1,2,3],"tags":[2863,15,2861,1173,31,1174,25,773,86,2862],"class_list":["post-7903","post","type-post","status-publish","format-standard","has-post-thumbnail","hentry","category-cultura-entretenimiento","category-diario-armstrong","category-locales","category-region","tag-amigas","tag-en","tag-eramos","tag-iris","tag-la","tag-marga","tag-presento","tag-sala","tag-se","tag-tan"],"jetpack_publicize_connections":[],"jetpack_featured_media_url":"https:\/\/armstrongyregion.com.ar\/diario\/wp-content\/uploads\/2016\/05\/Claribel-1-.jpg","jetpack_shortlink":"https:\/\/wp.me\/p62QDO-23t","jetpack_sharing_enabled":true,"amp_enabled":true,"_links":{"self":[{"href":"https:\/\/armstrongyregion.com.ar\/diario\/wp-json\/wp\/v2\/posts\/7903","targetHints":{"allow":["GET"]}}],"collection":[{"href":"https:\/\/armstrongyregion.com.ar\/diario\/wp-json\/wp\/v2\/posts"}],"about":[{"href":"https:\/\/armstrongyregion.com.ar\/diario\/wp-json\/wp\/v2\/types\/post"}],"author":[{"embeddable":true,"href":"https:\/\/armstrongyregion.com.ar\/diario\/wp-json\/wp\/v2\/users\/2"}],"replies":[{"embeddable":true,"href":"https:\/\/armstrongyregion.com.ar\/diario\/wp-json\/wp\/v2\/comments?post=7903"}],"version-history":[{"count":0,"href":"https:\/\/armstrongyregion.com.ar\/diario\/wp-json\/wp\/v2\/posts\/7903\/revisions"}],"wp:featuredmedia":[{"embeddable":true,"href":"https:\/\/armstrongyregion.com.ar\/diario\/wp-json\/wp\/v2\/media\/7904"}],"wp:attachment":[{"href":"https:\/\/armstrongyregion.com.ar\/diario\/wp-json\/wp\/v2\/media?parent=7903"}],"wp:term":[{"taxonomy":"category","embeddable":true,"href":"https:\/\/armstrongyregion.com.ar\/diario\/wp-json\/wp\/v2\/categories?post=7903"},{"taxonomy":"post_tag","embeddable":true,"href":"https:\/\/armstrongyregion.com.ar\/diario\/wp-json\/wp\/v2\/tags?post=7903"}],"curies":[{"name":"wp","href":"https:\/\/api.w.org\/{rel}","templated":true}]}}