{"id":7897,"date":"2016-05-22T23:40:34","date_gmt":"2016-05-22T23:40:34","guid":{"rendered":"https:\/\/armstrongyregion.com.ar\/diario\/?p=7897"},"modified":"2016-05-22T23:40:34","modified_gmt":"2016-05-22T23:40:34","slug":"asumio-la-dra-patricia-taberna-como-jueza-comunitaria-de-armstrong","status":"publish","type":"post","link":"https:\/\/armstrongyregion.com.ar\/diario\/asumio-la-dra-patricia-taberna-como-jueza-comunitaria-de-armstrong\/","title":{"rendered":"Asumi\u00f3 la Dra. Patricia Taberna como Jueza Comunitaria de Armstrong."},"content":{"rendered":"<p><a href=\"http:\/\/armstrongyregion.com.ar\/diario\/wp-content\/uploads\/2016\/05\/Patricia-Taberna-.jpg\"><img loading=\"lazy\" decoding=\"async\" src=\"http:\/\/armstrongyregion.com.ar\/diario\/wp-content\/uploads\/2016\/05\/Patricia-Taberna-.jpg\" alt=\"Patricia-Taberna-\" width=\"768\" height=\"525\" class=\"alignnone size-full wp-image-7898\" srcset=\"https:\/\/armstrongyregion.com.ar\/diario\/wp-content\/uploads\/2016\/05\/Patricia-Taberna-.jpg 768w, https:\/\/armstrongyregion.com.ar\/diario\/wp-content\/uploads\/2016\/05\/Patricia-Taberna--300x205.jpg 300w\" sizes=\"auto, (max-width: 768px) 100vw, 768px\" \/><\/a>El pasado viernes 20 de mayo, la Dra. Patricia Taberna, asumi\u00f3 como Jueza Comunitaria de peque\u00f1as causas de Armstrong, en la Corte Suprema de Justicia de Santa Fe, ciudad de Rosario.<br \/>\nLa competencia territorial de la Dra. Taberna ser\u00e1n la ciudad de Armstrong y la localidad de Tortugas.<br \/>\nEn marzo de 2011, la Legislatura sancion\u00f3 una reforma a la ley org\u00e1nica del Poder Judicial por el cual estableci\u00f3 la llamada Justicia de Peque\u00f1as Causas sobre la base y el mapa de los juzgados comunales y dispuso, entre los requisitos, mayor edad de 26 a\u00f1os y t\u00edtulo de abogado o procurador con tres a\u00f1os de antig\u00fcedad. Pero adem\u00e1s determin\u00f3 la ley 13.178 que el nombramiento de dichos jueces ser\u00e1 realizado por el Poder Ejecutivo con acuerdo de la Asamblea Legislativa.<\/p>\n","protected":false},"excerpt":{"rendered":"<p>El pasado viernes 20 de mayo, la Dra. Patricia Taberna, asumi\u00f3 como Jueza Comunitaria de peque\u00f1as causas de Armstrong, en la Corte Suprema de Justicia de Santa Fe, ciudad de Rosario. La competencia territorial de la Dra. Taberna ser\u00e1n la ciudad de Armstrong y la localidad de Tortugas. En marzo de 2011, la Legislatura sancion\u00f3 <a href=\"https:\/\/armstrongyregion.com.ar\/diario\/asumio-la-dra-patricia-taberna-como-jueza-comunitaria-de-armstrong\/\" title=\"Read more\" >&#8230;<\/a><\/p>\n","protected":false},"author":2,"featured_media":7898,"comment_status":"open","ping_status":"open","sticky":false,"template":"","format":"standard","meta":{"_jetpack_memberships_contains_paid_content":false,"footnotes":"","jetpack_publicize_message":"","jetpack_publicize_feature_enabled":true,"jetpack_social_post_already_shared":false,"jetpack_social_options":{"image_generator_settings":{"template":"highway","default_image_id":0,"enabled":false},"version":2}},"categories":[1,2,3],"tags":[20,50,572,3977,19,1613,3442,31,3443,3976],"class_list":["post-7897","post","type-post","status-publish","format-standard","has-post-thumbnail","hentry","category-diario-armstrong","category-locales","category-region","tag-armstrong","tag-asumio","tag-como","tag-comunitaria","tag-de","tag-dra","tag-jueza","tag-la","tag-patricia","tag-taberna"],"jetpack_publicize_connections":[],"jetpack_featured_media_url":"https:\/\/armstrongyregion.com.ar\/diario\/wp-content\/uploads\/2016\/05\/Patricia-Taberna-.jpg","jetpack_shortlink":"https:\/\/wp.me\/p62QDO-23n","jetpack_sharing_enabled":true,"amp_enabled":true,"_links":{"self":[{"href":"https:\/\/armstrongyregion.com.ar\/diario\/wp-json\/wp\/v2\/posts\/7897","targetHints":{"allow":["GET"]}}],"collection":[{"href":"https:\/\/armstrongyregion.com.ar\/diario\/wp-json\/wp\/v2\/posts"}],"about":[{"href":"https:\/\/armstrongyregion.com.ar\/diario\/wp-json\/wp\/v2\/types\/post"}],"author":[{"embeddable":true,"href":"https:\/\/armstrongyregion.com.ar\/diario\/wp-json\/wp\/v2\/users\/2"}],"replies":[{"embeddable":true,"href":"https:\/\/armstrongyregion.com.ar\/diario\/wp-json\/wp\/v2\/comments?post=7897"}],"version-history":[{"count":0,"href":"https:\/\/armstrongyregion.com.ar\/diario\/wp-json\/wp\/v2\/posts\/7897\/revisions"}],"wp:featuredmedia":[{"embeddable":true,"href":"https:\/\/armstrongyregion.com.ar\/diario\/wp-json\/wp\/v2\/media\/7898"}],"wp:attachment":[{"href":"https:\/\/armstrongyregion.com.ar\/diario\/wp-json\/wp\/v2\/media?parent=7897"}],"wp:term":[{"taxonomy":"category","embeddable":true,"href":"https:\/\/armstrongyregion.com.ar\/diario\/wp-json\/wp\/v2\/categories?post=7897"},{"taxonomy":"post_tag","embeddable":true,"href":"https:\/\/armstrongyregion.com.ar\/diario\/wp-json\/wp\/v2\/tags?post=7897"}],"curies":[{"name":"wp","href":"https:\/\/api.w.org\/{rel}","templated":true}]}}