{"id":7892,"date":"2016-05-22T23:16:15","date_gmt":"2016-05-22T23:16:15","guid":{"rendered":"https:\/\/armstrongyregion.com.ar\/diario\/?p=7892"},"modified":"2016-05-22T23:22:58","modified_gmt":"2016-05-22T23:22:58","slug":"exitosa-pena-en-el-tropero-organizada-por-bemba-colora","status":"publish","type":"post","link":"https:\/\/armstrongyregion.com.ar\/diario\/exitosa-pena-en-el-tropero-organizada-por-bemba-colora\/","title":{"rendered":"Exitosa pe\u00f1a en El Tropero organizada por \u201cBemba Color\u00e1\u201d."},"content":{"rendered":"<p><a href=\"http:\/\/armstrongyregion.com.ar\/diario\/wp-content\/uploads\/2016\/05\/Bemba-Colora3.jpg\"><img loading=\"lazy\" decoding=\"async\" src=\"http:\/\/armstrongyregion.com.ar\/diario\/wp-content\/uploads\/2016\/05\/Bemba-Colora3.jpg\" alt=\"Bemba-Colora3\" width=\"960\" height=\"720\" class=\"alignnone size-full wp-image-7893\" srcset=\"https:\/\/armstrongyregion.com.ar\/diario\/wp-content\/uploads\/2016\/05\/Bemba-Colora3.jpg 960w, https:\/\/armstrongyregion.com.ar\/diario\/wp-content\/uploads\/2016\/05\/Bemba-Colora3-300x225.jpg 300w\" sizes=\"auto, (max-width: 960px) 100vw, 960px\" \/><\/a>El pasado s\u00e1bado 21 de mayo, se realiz\u00f3 con gran \u00e9xito la Pe\u00f1a en El Tropero organizada por Bemba Color\u00e1.<br \/>\n Muy buena concurrencia de p\u00fablico que acompa\u00f1o a numerosos n\u00fameros art\u00edsticos que engalanaron la noche.<br \/>\nEl grupo local \u201cBemba Colora\u201d fue invitado a participar a un festival en Cali, Colombia. Este evento se realiz\u00f3 para recaudar recursos para dicho viaje.<br \/>\n El mismo est\u00e1 previsto para el 29 de junio, donde viajaran  18 personas del cuerpo estable de danzas y dos m\u00fasicos como acompa\u00f1antes en vivo: Eva Ardizzone y Gustavo Borgatello.<br \/>\nFotograf\u00edas: Jorge Oliva.<\/p>\n","protected":false},"excerpt":{"rendered":"<p>El pasado s\u00e1bado 21 de mayo, se realiz\u00f3 con gran \u00e9xito la Pe\u00f1a en El Tropero organizada por Bemba Color\u00e1. Muy buena concurrencia de p\u00fablico que acompa\u00f1o a numerosos n\u00fameros art\u00edsticos que engalanaron la noche. El grupo local \u201cBemba Colora\u201d fue invitado a participar a un festival en Cali, Colombia. Este evento se realiz\u00f3 para <a href=\"https:\/\/armstrongyregion.com.ar\/diario\/exitosa-pena-en-el-tropero-organizada-por-bemba-colora\/\" title=\"Read more\" >&#8230;<\/a><\/p>\n","protected":false},"author":2,"featured_media":7893,"comment_status":"open","ping_status":"open","sticky":false,"template":"","format":"standard","meta":{"_jetpack_memberships_contains_paid_content":false,"footnotes":"","jetpack_publicize_message":"","jetpack_publicize_feature_enabled":true,"jetpack_social_post_already_shared":false,"jetpack_social_options":{"image_generator_settings":{"template":"highway","default_image_id":0,"enabled":false},"version":2}},"categories":[6,1,2,3],"tags":[3974,3975,16,15,1159,1738,1716,60,3132],"class_list":["post-7892","post","type-post","status-publish","format-standard","has-post-thumbnail","hentry","category-cultura-entretenimiento","category-diario-armstrong","category-locales","category-region","tag-bemba","tag-colora","tag-el","tag-en","tag-exitosa","tag-organizada","tag-pena","tag-por","tag-tropero"],"jetpack_publicize_connections":[],"jetpack_featured_media_url":"https:\/\/armstrongyregion.com.ar\/diario\/wp-content\/uploads\/2016\/05\/Bemba-Colora3.jpg","jetpack_shortlink":"https:\/\/wp.me\/p62QDO-23i","jetpack_sharing_enabled":true,"amp_enabled":true,"_links":{"self":[{"href":"https:\/\/armstrongyregion.com.ar\/diario\/wp-json\/wp\/v2\/posts\/7892","targetHints":{"allow":["GET"]}}],"collection":[{"href":"https:\/\/armstrongyregion.com.ar\/diario\/wp-json\/wp\/v2\/posts"}],"about":[{"href":"https:\/\/armstrongyregion.com.ar\/diario\/wp-json\/wp\/v2\/types\/post"}],"author":[{"embeddable":true,"href":"https:\/\/armstrongyregion.com.ar\/diario\/wp-json\/wp\/v2\/users\/2"}],"replies":[{"embeddable":true,"href":"https:\/\/armstrongyregion.com.ar\/diario\/wp-json\/wp\/v2\/comments?post=7892"}],"version-history":[{"count":0,"href":"https:\/\/armstrongyregion.com.ar\/diario\/wp-json\/wp\/v2\/posts\/7892\/revisions"}],"wp:featuredmedia":[{"embeddable":true,"href":"https:\/\/armstrongyregion.com.ar\/diario\/wp-json\/wp\/v2\/media\/7893"}],"wp:attachment":[{"href":"https:\/\/armstrongyregion.com.ar\/diario\/wp-json\/wp\/v2\/media?parent=7892"}],"wp:term":[{"taxonomy":"category","embeddable":true,"href":"https:\/\/armstrongyregion.com.ar\/diario\/wp-json\/wp\/v2\/categories?post=7892"},{"taxonomy":"post_tag","embeddable":true,"href":"https:\/\/armstrongyregion.com.ar\/diario\/wp-json\/wp\/v2\/tags?post=7892"}],"curies":[{"name":"wp","href":"https:\/\/api.w.org\/{rel}","templated":true}]}}