{"id":7889,"date":"2016-05-22T22:48:36","date_gmt":"2016-05-22T22:48:36","guid":{"rendered":"https:\/\/armstrongyregion.com.ar\/diario\/?p=7889"},"modified":"2016-05-22T22:48:36","modified_gmt":"2016-05-22T22:48:36","slug":"giaccone-trato-con-amsafe-delegacion-belgrano-el-haber-de-los-pasivos-docentes","status":"publish","type":"post","link":"https:\/\/armstrongyregion.com.ar\/diario\/giaccone-trato-con-amsafe-delegacion-belgrano-el-haber-de-los-pasivos-docentes\/","title":{"rendered":"Giaccone trat\u00f3 con amsafe-delegaci\u00f3n belgrano el haber de los pasivos docentes."},"content":{"rendered":"<p><a href=\"http:\/\/armstrongyregion.com.ar\/diario\/wp-content\/uploads\/2016\/05\/giaccone-2-.jpg\"><img loading=\"lazy\" decoding=\"async\" src=\"http:\/\/armstrongyregion.com.ar\/diario\/wp-content\/uploads\/2016\/05\/giaccone-2-.jpg\" alt=\"giaccone-2-\" width=\"768\" height=\"516\" class=\"alignnone size-full wp-image-7890\" srcset=\"https:\/\/armstrongyregion.com.ar\/diario\/wp-content\/uploads\/2016\/05\/giaccone-2-.jpg 768w, https:\/\/armstrongyregion.com.ar\/diario\/wp-content\/uploads\/2016\/05\/giaccone-2--300x202.jpg 300w\" sizes=\"auto, (max-width: 768px) 100vw, 768px\" \/><\/a>En Las Rosas, la diputada provincial Claudia Giaccone se reuni\u00f3 en la sede de AMSAFE-Delegaci\u00f3n Belgrano con Rosa Aimeri -Secretaria General del gremio- e integrantes de la comisi\u00f3n directiva, quienes le expresaron su preocupaci\u00f3n por la injusticia que se ha generado en la provincia de Santa Fe con el aumento otorgado a jubilados docentes (17,4%), sensible menor al incremento salarial fijado para quienes est\u00e1n en actividad (25%), lo cual no cumple con lo establecido en la Ley 12469\/2005 y ostensiblemente deteriora el poder adquisitivo del haber de los pasivos.<br \/>\nLe entregaron adem\u00e1s una nota que pide se corrija la irregular situaci\u00f3n, y un petitorio acompa\u00f1ado de numerosas firmas que avalan el requerimiento.<br \/>\n\u201cEscuch\u00e9 atentamente lo que me expusieron, y les coment\u00e9 que hace unas semanas y luego de un encuentro con dirigentes de AMSAFE Caseros, present\u00e9 en la C\u00e1mara de Diputados un Proyecto de Comunicaci\u00f3n para solicitar al Ministerio de Educaci\u00f3n se revea esa desproporci\u00f3n en la relaci\u00f3n entre el salario de los docentes activos y el haber de los jubilados\u201d, dice Giaccone.<br \/>\nLa legisladora agreg\u00f3 que \u201cser\u00eda importante que el Senador Cornaglia se sume a este reclamo presentando el mismo proyecto en la C\u00e1mara de Senadores, lo que dar\u00eda m\u00e1s fuerza al pedido; que juntos pidamos un audiencia con la Ministra Balagu\u00e9, y continuemos requiriendo una soluci\u00f3n conjuntamente con los docentes\u201d.<br \/>\n\u201cEs imprescindible que se aplique la obligaci\u00f3n de respetar la necesaria proporcionalidad que debe existir entre los haberes de activos y el de jubilados\u00bb, expresa la diputada. \u00abEl valor del 17%  fue determinado por las autoridades provinciales de manera unilateral, siendo el menor coeficiente a aplicarse a sector alguno de trabajadores de la administraci\u00f3n p\u00fablica provincial. Asimismo, y sin necesidad de grandes artificios contables, s\u00f3lo basta compararlo con lo aplicado al sector activo, y surge en forma manifiesta lo escaso del \u00edndice calculado\u201d.<\/p>\n","protected":false},"excerpt":{"rendered":"<p>En Las Rosas, la diputada provincial Claudia Giaccone se reuni\u00f3 en la sede de AMSAFE-Delegaci\u00f3n Belgrano con Rosa Aimeri -Secretaria General del gremio- e integrantes de la comisi\u00f3n directiva, quienes le expresaron su preocupaci\u00f3n por la injusticia que se ha generado en la provincia de Santa Fe con el aumento otorgado a jubilados docentes (17,4%), <a href=\"https:\/\/armstrongyregion.com.ar\/diario\/giaccone-trato-con-amsafe-delegacion-belgrano-el-haber-de-los-pasivos-docentes\/\" title=\"Read more\" >&#8230;<\/a><\/p>\n","protected":false},"author":2,"featured_media":7890,"comment_status":"open","ping_status":"open","sticky":false,"template":"","format":"standard","meta":{"_jetpack_memberships_contains_paid_content":false,"footnotes":"","jetpack_publicize_message":"","jetpack_publicize_feature_enabled":true,"jetpack_social_post_already_shared":false,"jetpack_social_options":{"image_generator_settings":{"template":"highway","default_image_id":0,"enabled":false},"version":2}},"categories":[6,1,2,7,3],"tags":[3406,100,1236,1019,3973,60,3972],"class_list":["post-7889","post","type-post","status-publish","format-standard","has-post-thumbnail","hentry","category-cultura-entretenimiento","category-diario-armstrong","category-locales","category-politica","category-region","tag-amsafe","tag-con","tag-docente","tag-giaccone","tag-jubilacion","tag-por","tag-trato"],"jetpack_publicize_connections":[],"jetpack_featured_media_url":"https:\/\/armstrongyregion.com.ar\/diario\/wp-content\/uploads\/2016\/05\/giaccone-2-.jpg","jetpack_shortlink":"https:\/\/wp.me\/p62QDO-23f","jetpack_sharing_enabled":true,"amp_enabled":true,"_links":{"self":[{"href":"https:\/\/armstrongyregion.com.ar\/diario\/wp-json\/wp\/v2\/posts\/7889","targetHints":{"allow":["GET"]}}],"collection":[{"href":"https:\/\/armstrongyregion.com.ar\/diario\/wp-json\/wp\/v2\/posts"}],"about":[{"href":"https:\/\/armstrongyregion.com.ar\/diario\/wp-json\/wp\/v2\/types\/post"}],"author":[{"embeddable":true,"href":"https:\/\/armstrongyregion.com.ar\/diario\/wp-json\/wp\/v2\/users\/2"}],"replies":[{"embeddable":true,"href":"https:\/\/armstrongyregion.com.ar\/diario\/wp-json\/wp\/v2\/comments?post=7889"}],"version-history":[{"count":0,"href":"https:\/\/armstrongyregion.com.ar\/diario\/wp-json\/wp\/v2\/posts\/7889\/revisions"}],"wp:featuredmedia":[{"embeddable":true,"href":"https:\/\/armstrongyregion.com.ar\/diario\/wp-json\/wp\/v2\/media\/7890"}],"wp:attachment":[{"href":"https:\/\/armstrongyregion.com.ar\/diario\/wp-json\/wp\/v2\/media?parent=7889"}],"wp:term":[{"taxonomy":"category","embeddable":true,"href":"https:\/\/armstrongyregion.com.ar\/diario\/wp-json\/wp\/v2\/categories?post=7889"},{"taxonomy":"post_tag","embeddable":true,"href":"https:\/\/armstrongyregion.com.ar\/diario\/wp-json\/wp\/v2\/tags?post=7889"}],"curies":[{"name":"wp","href":"https:\/\/api.w.org\/{rel}","templated":true}]}}