{"id":7880,"date":"2016-05-21T16:42:56","date_gmt":"2016-05-21T16:42:56","guid":{"rendered":"https:\/\/armstrongyregion.com.ar\/diario\/?p=7880"},"modified":"2016-05-21T16:42:56","modified_gmt":"2016-05-21T16:42:56","slug":"podemos-hacer-mucho-por-ellos-por-elizabeth-santangelo","status":"publish","type":"post","link":"https:\/\/armstrongyregion.com.ar\/diario\/podemos-hacer-mucho-por-ellos-por-elizabeth-santangelo\/","title":{"rendered":"Podemos hacer mucho por ellos\u2026 Por  Elizabeth Sant\u00e1ngelo."},"content":{"rendered":"<p><a href=\"http:\/\/armstrongyregion.com.ar\/diario\/wp-content\/uploads\/2016\/05\/embarazada-1-.jpg\"><img loading=\"lazy\" decoding=\"async\" src=\"http:\/\/armstrongyregion.com.ar\/diario\/wp-content\/uploads\/2016\/05\/embarazada-1--1024x680.jpg\" alt=\"embarazada-1-\" width=\"800\" height=\"531\" class=\"alignnone size-large wp-image-7881\" srcset=\"https:\/\/armstrongyregion.com.ar\/diario\/wp-content\/uploads\/2016\/05\/embarazada-1--1024x680.jpg 1024w, https:\/\/armstrongyregion.com.ar\/diario\/wp-content\/uploads\/2016\/05\/embarazada-1--300x199.jpg 300w, https:\/\/armstrongyregion.com.ar\/diario\/wp-content\/uploads\/2016\/05\/embarazada-1-.jpg 1600w\" sizes=\"auto, (max-width: 800px) 100vw, 800px\" \/><\/a>El Ministerio de Salud a trav\u00e9s de la Direcci\u00f3n por la Salud en la Ni\u00f1ez, Adolescencia, Sexual y Reproductiva, brind\u00f3 reflexiones en adhesi\u00f3n a la \u201cSemana Mundial por el Parto Respetado\u201d, conmemorativo en el mes de mayo.<br \/>\nNo es de menor importancia puntualizar sobre las causas que muchas veces esta maternidad se encuentra amenazada por diferentes factores: la marginalidad, abuso y agresi\u00f3n, ya sea  en la ni\u00f1ez como en la adolescencia.<br \/>\nEse respeto se ve manifestado no solo en la maternidad, sino adem\u00e1s en nuestras futuras generaciones.<br \/>\nSeg\u00fan UNICEF, \u201c275 millones de ni\u00f1os sufren distintos tipos de violencia y maltrato\u201d.<br \/>\nComo resultado de una investigaci\u00f3n respecto al maltrato infantil, hay aspectos a tener en cuenta:<br \/>\n1)\tAnalizar cu\u00e1les son los factores m\u00e1s importantes que hace que se produzca el maltrato infantil en las familias.<br \/>\n2)\tDescubrir cu\u00e1les son las consecuencias que muestra un ni\u00f1o cuando es maltratado f\u00edsica, mental y emocionalmente.<br \/>\n3)\tIdentificar cu\u00e1les son los efectos que tiene un ni\u00f1o que ha sido maltratado por su grupo familiar y\/o la sociedad.<br \/>\n El maltrato infantil se subdivide en dos grupos: Pasivo y Activo.<br \/>\nPasivo: Comprende el abandono f\u00edsico, que ocurre cuando las necesidades f\u00edsicas b\u00e1sicas del menor no son atendidas por ning\u00fan miembro del grupo que convive con \u00e9l. Tambi\u00e9n comprende el abandono emocional que consiste en la falta de respuesta a las necesidades de contacto f\u00edsico y caricias y la indiferencia frente a los estados an\u00edmicos del menor.<br \/>\nActivo: Comprende el abuso f\u00edsico que consiste en cualquier acci\u00f3n no accidental por los padres o cuidadores que provoquen da\u00f1o f\u00edsico o  enfermedad al menor. La intensidad puede variar desde una contusi\u00f3n leve hasta una lesi\u00f3n mortal. Tambi\u00e9n comprende el abuso sexual, que consiste en cualquier tipo de contacto sexual con un menor por parte de un familiar, tutor o cualquier otro adulto, concluyendo hasta en la maternidad precoz.<br \/>\nUn ambiente hostil, la soledad, falta de afecto, la carencia de educaci\u00f3n y valores es lo que en apariencia da a entender que hay una sociedad enferma y necesitada de contenci\u00f3n.<br \/>\n\u00bfC\u00f3mo podemos asistir espiritualmente al hambre y vac\u00edo existencial?<br \/>\nDesde cada lugar se puede hacer mucho por una sociedad anhelante de respuestas pr\u00e1cticas.<br \/>\nA medida que entendamos que no somos seres aislados, sino que conformamos un todo como parte del Todo, veremos que la creaci\u00f3n espiritual puede manifestarse en los distintos aspectos de la sociedad, de manera m\u00e1s armoniosa, mejor cuidada y saludable.<br \/>\nEddy, autora de Ciencia y Salud con la Llave de las Escrituras, se\u00f1ala: \u201cLo bueno en los afectos humanos ha de tener predominio sobre lo malo, y lo espiritual sobre lo animal, pues de lo contrario, nunca se alcanzar\u00e1 la felicidad. Los hijos de padres de mente espiritualizada heredan m\u00e1s intelecto, mentes m\u00e1s equilibradas y constituciones m\u00e1s sanas\u201d<br \/>\nSi cada uno es capaz de brindar apoyo en su entorno, sea familiar, vecino conocido o no conocido, promover\u00e1 s\u00f3lidos valores en la sociedad para que predominen la belleza, la alegr\u00eda de un rostro satisfecho, la inocencia y pureza que deben caracterizar a la ni\u00f1ez y juventud.  Una juventud que demuestre que la salud no depende de factores materiales sino espirituales, provenientes de Dios como Padre-Madre de Su creaci\u00f3n.<br \/>\nEl pensamiento est\u00e1 cambiando a nuevas concepciones. Una alternativa que, quiz\u00e1s, est\u00e1 al alcance de todos.<br \/>\nNo es una tarea f\u00e1cil pero tampoco imposible.  Cu\u00e1ntos beneficios pueden recoger nuestras generaciones presentes y futuras, con esta nueva actitud como ciudadanos, como padres y educadores. <\/p>\n<p>Elizabeth integra el Comit\u00e9 de Publicaci\u00f3n, en Argentina, y escribe reflexiones desde su perspectiva como profesional de la Ciencia Cristiana.<br \/>\nS\u00edguela en Twittter: @elisantangelo1<br \/>\nFacebooK Elizabeth Sant\u00e1ngelo de Gastaldi<\/p>\n","protected":false},"excerpt":{"rendered":"<p>El Ministerio de Salud a trav\u00e9s de la Direcci\u00f3n por la Salud en la Ni\u00f1ez, Adolescencia, Sexual y Reproductiva, brind\u00f3 reflexiones en adhesi\u00f3n a la \u201cSemana Mundial por el Parto Respetado\u201d, conmemorativo en el mes de mayo. No es de menor importancia puntualizar sobre las causas que muchas veces esta maternidad se encuentra amenazada por <a href=\"https:\/\/armstrongyregion.com.ar\/diario\/podemos-hacer-mucho-por-ellos-por-elizabeth-santangelo\/\" title=\"Read more\" >&#8230;<\/a><\/p>\n","protected":false},"author":2,"featured_media":7881,"comment_status":"open","ping_status":"open","sticky":false,"template":"","format":"standard","meta":{"_jetpack_memberships_contains_paid_content":false,"footnotes":"","jetpack_publicize_message":"","jetpack_publicize_feature_enabled":true,"jetpack_social_post_already_shared":false,"jetpack_social_options":{"image_generator_settings":{"template":"highway","default_image_id":0,"enabled":false},"version":2}},"categories":[1,2,4,3],"tags":[122,3970,60,123],"class_list":["post-7880","post","type-post","status-publish","format-standard","has-post-thumbnail","hentry","category-diario-armstrong","category-locales","category-prevencion-salud","category-region","tag-elizabeth","tag-embarazo","tag-por","tag-santangelo"],"jetpack_publicize_connections":[],"jetpack_featured_media_url":"https:\/\/armstrongyregion.com.ar\/diario\/wp-content\/uploads\/2016\/05\/embarazada-1-.jpg","jetpack_shortlink":"https:\/\/wp.me\/p62QDO-236","jetpack_sharing_enabled":true,"amp_enabled":true,"_links":{"self":[{"href":"https:\/\/armstrongyregion.com.ar\/diario\/wp-json\/wp\/v2\/posts\/7880","targetHints":{"allow":["GET"]}}],"collection":[{"href":"https:\/\/armstrongyregion.com.ar\/diario\/wp-json\/wp\/v2\/posts"}],"about":[{"href":"https:\/\/armstrongyregion.com.ar\/diario\/wp-json\/wp\/v2\/types\/post"}],"author":[{"embeddable":true,"href":"https:\/\/armstrongyregion.com.ar\/diario\/wp-json\/wp\/v2\/users\/2"}],"replies":[{"embeddable":true,"href":"https:\/\/armstrongyregion.com.ar\/diario\/wp-json\/wp\/v2\/comments?post=7880"}],"version-history":[{"count":0,"href":"https:\/\/armstrongyregion.com.ar\/diario\/wp-json\/wp\/v2\/posts\/7880\/revisions"}],"wp:featuredmedia":[{"embeddable":true,"href":"https:\/\/armstrongyregion.com.ar\/diario\/wp-json\/wp\/v2\/media\/7881"}],"wp:attachment":[{"href":"https:\/\/armstrongyregion.com.ar\/diario\/wp-json\/wp\/v2\/media?parent=7880"}],"wp:term":[{"taxonomy":"category","embeddable":true,"href":"https:\/\/armstrongyregion.com.ar\/diario\/wp-json\/wp\/v2\/categories?post=7880"},{"taxonomy":"post_tag","embeddable":true,"href":"https:\/\/armstrongyregion.com.ar\/diario\/wp-json\/wp\/v2\/tags?post=7880"}],"curies":[{"name":"wp","href":"https:\/\/api.w.org\/{rel}","templated":true}]}}