{"id":7844,"date":"2016-05-20T12:33:50","date_gmt":"2016-05-20T12:33:50","guid":{"rendered":"https:\/\/armstrongyregion.com.ar\/diario\/?p=7844"},"modified":"2016-05-20T12:33:50","modified_gmt":"2016-05-20T12:33:50","slug":"casalegno-se-manifesto-en-defensa-de-la-industria-del-mueble","status":"publish","type":"post","link":"https:\/\/armstrongyregion.com.ar\/diario\/casalegno-se-manifesto-en-defensa-de-la-industria-del-mueble\/","title":{"rendered":"Casalegno se manifest\u00f3 en Defensa de la Industria del Mueble."},"content":{"rendered":"<p><a href=\"http:\/\/armstrongyregion.com.ar\/diario\/wp-content\/uploads\/2016\/05\/Marcelo-Casalegno-.jpg\"><img loading=\"lazy\" decoding=\"async\" class=\"alignnone size-full wp-image-7845\" src=\"http:\/\/armstrongyregion.com.ar\/diario\/wp-content\/uploads\/2016\/05\/Marcelo-Casalegno-.jpg\" alt=\"Marcelo-Casalegno-\" width=\"768\" height=\"512\" srcset=\"https:\/\/armstrongyregion.com.ar\/diario\/wp-content\/uploads\/2016\/05\/Marcelo-Casalegno-.jpg 768w, https:\/\/armstrongyregion.com.ar\/diario\/wp-content\/uploads\/2016\/05\/Marcelo-Casalegno--300x200.jpg 300w\" sizes=\"auto, (max-width: 768px) 100vw, 768px\" \/><\/a>En la sesi\u00f3n del Concejo el bloque que integra present\u00f3 un proyecto de resoluci\u00f3n expresando que \u201cla industria del mueble est\u00e1 en serio riesgo<br \/>\ny saldremos a defenderla\u201d.<\/p>\n<p>\u201cLa industria del mueble se encuentra en riesgo de desaparecer, y todos los ca\u00f1adenses tenemos que luchar para defender la fuente de<br \/>\ntrabajo de miles de ca\u00f1adenses\u201d, dijo el concejal y ex Secretario de la Producci\u00f3n de la Municipalidad, Marcelo Casalegno al opinar sobre la<br \/>\ncr\u00edtica situaci\u00f3n del sector maderero que gener\u00f3 una fuerte movilizaci\u00f3n d\u00edas atr\u00e1s en defensa de las fuentes de trabajo.<br \/>\n\u201cLa reedici\u00f3n de pol\u00edticas econ\u00f3micas neoliberales por parte del gobierno del PRO-UCR, nos lleva al desastre y a la desocupaci\u00f3n,<br \/>\nrecesi\u00f3n e inflaci\u00f3n\u201d, consider\u00f3 el concejal, cuyo bloque present\u00f3 un proyecto de resoluci\u00f3n en la sesi\u00f3n de este jueves del Concejo<br \/>\nMunicipal, donde decidieron \u201capoyar en todos sus reclamos a los<br \/>\ntrabajadores y empresarios del mueble local, en defensa de las fuentes de trabajo y la subsistencia de la industria local, ante la crisis del<br \/>\nsector afectado por los tarifazos, la inflaci\u00f3n, la recesi\u00f3n, la apertura econ\u00f3mica y la ca\u00edda del consumo que ha generado un fuerte<br \/>\nimpacto negativo en la actividad econ\u00f3mica\u201d.<br \/>\nEn la iniciativa del Frente Justicialista para la Victoria, se pide<br \/>\nadem\u00e1s al Gobierno de la Provincia de Santa Fe, \u201cel reclamo sea<br \/>\npresentado en la reuni\u00f3n de los gobernadores de las provincias de la<br \/>\nRegi\u00f3n Centro a los fines de peticionar conjuntamente al Gobierno<br \/>\nNacional para que revierta esta situaci\u00f3n de crisis del sector, que pone<br \/>\nen peligro miles de fuentes de trabajo y cientos de industrias\u201d.<br \/>\nAl mismo tiempo \u201cse solicita al Gobierno Nacional disponga la adopci\u00f3n<br \/>\nde medidas tendientes a reactivar el mercado interno, reducir los<br \/>\nefectos de los tarifazos en las servicios p\u00fablicos a la producci\u00f3n y<br \/>\ntrabajadores, y solicitar la urgente instrumentaci\u00f3n de herramientas de<br \/>\nprotecci\u00f3n del mercado interno para evitar la desaparici\u00f3n de nuestra<br \/>\nindustria\u201d.<br \/>\nEl mencionado edil ampli\u00f3 diciendo que \u201cla econom\u00eda est\u00e1 sufriendo los<br \/>\nembates de una nueva ola de pol\u00edtica econ\u00f3mica neoliberal como en los<br \/>\na\u00f1os \u00b490, que pone en serio riesgo la continuidad de la actividad<br \/>\nfabril, con despidos, tarifazos en los servicios, recesi\u00f3n, inflaci\u00f3n,<br \/>\nbaja en las ventas que ronda el 50 %, que amenazan la supervivencia de<br \/>\ncientos de fabricas y la fuente labora de miles de obreros\u201d.<br \/>\nLa posici\u00f3n del bloque Justicialista est\u00e1 en consonancia con el<br \/>\nreciente documento de la C\u00e1mara de la Industria Maderera y Afines,<br \/>\nintegrada por las Pymes de la ciudad y la regi\u00f3n, donde se expresa que<br \/>\nel sector enfrenta una delicada situaci\u00f3n con ca\u00edda de ventas en el<br \/>\nmercado interno, de aproximadamente un 50 % respecto del mismo per\u00edodo<br \/>\ndel a\u00f1o pasado, y en donde en el sector laboral maderero ya se han<br \/>\ntomado medidas de emergencia como la eliminaci\u00f3n de horas extras,<br \/>\nreducci\u00f3n de jornada laboral, y donde se avecinar\u00edan medidas de<br \/>\nsuspensi\u00f3n y reducci\u00f3n de personal\u201d.<\/p>\n","protected":false},"excerpt":{"rendered":"<p>En la sesi\u00f3n del Concejo el bloque que integra present\u00f3 un proyecto de resoluci\u00f3n expresando que \u201cla industria del mueble est\u00e1 en serio riesgo y saldremos a defenderla\u201d. \u201cLa industria del mueble se encuentra en riesgo de desaparecer, y todos los ca\u00f1adenses tenemos que luchar para defender la fuente de trabajo de miles de ca\u00f1adenses\u201d, <a href=\"https:\/\/armstrongyregion.com.ar\/diario\/casalegno-se-manifesto-en-defensa-de-la-industria-del-mueble\/\" title=\"Read more\" >&#8230;<\/a><\/p>\n","protected":false},"author":2,"featured_media":7845,"comment_status":"open","ping_status":"open","sticky":false,"template":"","format":"standard","meta":{"_jetpack_memberships_contains_paid_content":false,"footnotes":"","jetpack_publicize_message":"","jetpack_publicize_feature_enabled":true,"jetpack_social_post_already_shared":false,"jetpack_social_options":{"image_generator_settings":{"template":"highway","default_image_id":0,"enabled":false},"version":2}},"categories":[1,3],"tags":[588,19,2455,53,15,1603,31,3961,3313,86],"class_list":["post-7844","post","type-post","status-publish","format-standard","has-post-thumbnail","hentry","category-diario-armstrong","category-region","tag-casalegno","tag-de","tag-defensa","tag-del","tag-en","tag-industria","tag-la","tag-manifesto","tag-mueble","tag-se"],"jetpack_publicize_connections":[],"jetpack_featured_media_url":"https:\/\/armstrongyregion.com.ar\/diario\/wp-content\/uploads\/2016\/05\/Marcelo-Casalegno-.jpg","jetpack_shortlink":"https:\/\/wp.me\/p62QDO-22w","jetpack_sharing_enabled":true,"amp_enabled":true,"_links":{"self":[{"href":"https:\/\/armstrongyregion.com.ar\/diario\/wp-json\/wp\/v2\/posts\/7844","targetHints":{"allow":["GET"]}}],"collection":[{"href":"https:\/\/armstrongyregion.com.ar\/diario\/wp-json\/wp\/v2\/posts"}],"about":[{"href":"https:\/\/armstrongyregion.com.ar\/diario\/wp-json\/wp\/v2\/types\/post"}],"author":[{"embeddable":true,"href":"https:\/\/armstrongyregion.com.ar\/diario\/wp-json\/wp\/v2\/users\/2"}],"replies":[{"embeddable":true,"href":"https:\/\/armstrongyregion.com.ar\/diario\/wp-json\/wp\/v2\/comments?post=7844"}],"version-history":[{"count":0,"href":"https:\/\/armstrongyregion.com.ar\/diario\/wp-json\/wp\/v2\/posts\/7844\/revisions"}],"wp:featuredmedia":[{"embeddable":true,"href":"https:\/\/armstrongyregion.com.ar\/diario\/wp-json\/wp\/v2\/media\/7845"}],"wp:attachment":[{"href":"https:\/\/armstrongyregion.com.ar\/diario\/wp-json\/wp\/v2\/media?parent=7844"}],"wp:term":[{"taxonomy":"category","embeddable":true,"href":"https:\/\/armstrongyregion.com.ar\/diario\/wp-json\/wp\/v2\/categories?post=7844"},{"taxonomy":"post_tag","embeddable":true,"href":"https:\/\/armstrongyregion.com.ar\/diario\/wp-json\/wp\/v2\/tags?post=7844"}],"curies":[{"name":"wp","href":"https:\/\/api.w.org\/{rel}","templated":true}]}}