{"id":7815,"date":"2016-05-19T02:26:24","date_gmt":"2016-05-19T02:26:24","guid":{"rendered":"https:\/\/armstrongyregion.com.ar\/diario\/?p=7815"},"modified":"2016-05-19T02:26:24","modified_gmt":"2016-05-19T02:26:24","slug":"municipio-y-nca-trabajando-en-la-reconstruccion-completa-del-paso-a-nivel-de-calle-fischer","status":"publish","type":"post","link":"https:\/\/armstrongyregion.com.ar\/diario\/municipio-y-nca-trabajando-en-la-reconstruccion-completa-del-paso-a-nivel-de-calle-fischer\/","title":{"rendered":"Municipio y NCA trabajando en la reconstrucci\u00f3n completa del paso a nivel de calle Fischer."},"content":{"rendered":"<p><a href=\"http:\/\/armstrongyregion.com.ar\/diario\/wp-content\/uploads\/2016\/05\/Verdecchia-NCA-.jpg\"><img loading=\"lazy\" decoding=\"async\" class=\"alignnone size-full wp-image-7816\" src=\"http:\/\/armstrongyregion.com.ar\/diario\/wp-content\/uploads\/2016\/05\/Verdecchia-NCA-.jpg\" alt=\"Verdecchia-NCA-\" width=\"960\" height=\"540\" srcset=\"https:\/\/armstrongyregion.com.ar\/diario\/wp-content\/uploads\/2016\/05\/Verdecchia-NCA-.jpg 960w, https:\/\/armstrongyregion.com.ar\/diario\/wp-content\/uploads\/2016\/05\/Verdecchia-NCA--300x169.jpg 300w\" sizes=\"auto, (max-width: 960px) 100vw, 960px\" \/><\/a>En la ma\u00f1ana del mi\u00e9rcoles 18 de mayo, el intendente Verdecchia, cit\u00f3 a los medios locales en el paso a nivel de calle Fischer, para informar que el mismo permanecer\u00e1 cortado durante 15 d\u00edas debido a las obras que se est\u00e1n realizando.<\/p>\n<p>Verdecchia expres\u00f3, \u201cEst\u00e1bamos esperando este momento desde enero, ya que este paso a nivel es el de mayor tr\u00e1nsito de la ciudad. En esta instancia estamos en el recambio de los trozos de v\u00eda, ya el Nuevo Central Argentino se estuvo encargando de las barreras autom\u00e1ticas y nuevas se\u00f1al\u00e9ticas y\u00a0 desde el municipio se est\u00e1 haciendo la base y el adoquinado nuevo, queremos mejorar la calidad de tr\u00e1nsito en este paso a nivel, mejorar veredas, habr\u00e1 una bici senda, esto es una inversi\u00f3n importante tanto del municipio como del NCA y tambi\u00e9n la Cooperativa el\u00e9ctrica se encargar\u00e1 de una nueva iluminaci\u00f3n\u201d.<\/p>\n","protected":false},"excerpt":{"rendered":"<p>En la ma\u00f1ana del mi\u00e9rcoles 18 de mayo, el intendente Verdecchia, cit\u00f3 a los medios locales en el paso a nivel de calle Fischer, para informar que el mismo permanecer\u00e1 cortado durante 15 d\u00edas debido a las obras que se est\u00e1n realizando. Verdecchia expres\u00f3, \u201cEst\u00e1bamos esperando este momento desde enero, ya que este paso a <a href=\"https:\/\/armstrongyregion.com.ar\/diario\/municipio-y-nca-trabajando-en-la-reconstruccion-completa-del-paso-a-nivel-de-calle-fischer\/\" title=\"Read more\" >&#8230;<\/a><\/p>\n","protected":false},"author":2,"featured_media":7816,"comment_status":"open","ping_status":"open","sticky":false,"template":"","format":"standard","meta":{"_jetpack_memberships_contains_paid_content":false,"footnotes":"","jetpack_publicize_message":"","jetpack_publicize_feature_enabled":true,"jetpack_social_post_already_shared":false,"jetpack_social_options":{"image_generator_settings":{"template":"highway","default_image_id":0,"enabled":false},"version":2}},"categories":[1,2,7],"tags":[3953],"class_list":["post-7815","post","type-post","status-publish","format-standard","has-post-thumbnail","hentry","category-diario-armstrong","category-locales","category-politica","tag-municipio-y-nca-trabajando-en-la-reconstruccion-completa-del-paso-a-nivel-de-calle-fischer"],"jetpack_publicize_connections":[],"jetpack_featured_media_url":"https:\/\/armstrongyregion.com.ar\/diario\/wp-content\/uploads\/2016\/05\/Verdecchia-NCA-.jpg","jetpack_shortlink":"https:\/\/wp.me\/p62QDO-223","jetpack_sharing_enabled":true,"amp_enabled":true,"_links":{"self":[{"href":"https:\/\/armstrongyregion.com.ar\/diario\/wp-json\/wp\/v2\/posts\/7815","targetHints":{"allow":["GET"]}}],"collection":[{"href":"https:\/\/armstrongyregion.com.ar\/diario\/wp-json\/wp\/v2\/posts"}],"about":[{"href":"https:\/\/armstrongyregion.com.ar\/diario\/wp-json\/wp\/v2\/types\/post"}],"author":[{"embeddable":true,"href":"https:\/\/armstrongyregion.com.ar\/diario\/wp-json\/wp\/v2\/users\/2"}],"replies":[{"embeddable":true,"href":"https:\/\/armstrongyregion.com.ar\/diario\/wp-json\/wp\/v2\/comments?post=7815"}],"version-history":[{"count":0,"href":"https:\/\/armstrongyregion.com.ar\/diario\/wp-json\/wp\/v2\/posts\/7815\/revisions"}],"wp:featuredmedia":[{"embeddable":true,"href":"https:\/\/armstrongyregion.com.ar\/diario\/wp-json\/wp\/v2\/media\/7816"}],"wp:attachment":[{"href":"https:\/\/armstrongyregion.com.ar\/diario\/wp-json\/wp\/v2\/media?parent=7815"}],"wp:term":[{"taxonomy":"category","embeddable":true,"href":"https:\/\/armstrongyregion.com.ar\/diario\/wp-json\/wp\/v2\/categories?post=7815"},{"taxonomy":"post_tag","embeddable":true,"href":"https:\/\/armstrongyregion.com.ar\/diario\/wp-json\/wp\/v2\/tags?post=7815"}],"curies":[{"name":"wp","href":"https:\/\/api.w.org\/{rel}","templated":true}]}}