{"id":7785,"date":"2016-05-17T03:43:14","date_gmt":"2016-05-17T03:43:14","guid":{"rendered":"https:\/\/armstrongyregion.com.ar\/diario\/?p=7785"},"modified":"2016-05-17T03:43:14","modified_gmt":"2016-05-17T03:43:14","slug":"vitrofin-recibio-la-factura-de-gas-con-una-suba-del-600","status":"publish","type":"post","link":"https:\/\/armstrongyregion.com.ar\/diario\/vitrofin-recibio-la-factura-de-gas-con-una-suba-del-600\/","title":{"rendered":"Vitrofin recibi\u00f3 la factura de gas con una suba del 600%."},"content":{"rendered":"<p><a href=\"http:\/\/armstrongyregion.com.ar\/diario\/wp-content\/uploads\/2016\/05\/Vitrofin-2.jpg\"><img loading=\"lazy\" decoding=\"async\" class=\"alignnone size-full wp-image-7786\" src=\"http:\/\/armstrongyregion.com.ar\/diario\/wp-content\/uploads\/2016\/05\/Vitrofin-2.jpg\" alt=\"Vitrofin 2\" width=\"768\" height=\"576\" srcset=\"https:\/\/armstrongyregion.com.ar\/diario\/wp-content\/uploads\/2016\/05\/Vitrofin-2.jpg 768w, https:\/\/armstrongyregion.com.ar\/diario\/wp-content\/uploads\/2016\/05\/Vitrofin-2-300x225.jpg 300w\" sizes=\"auto, (max-width: 768px) 100vw, 768px\" \/><\/a>La Cooperativa de Trabajo debe abonar m\u00e1s de 290 mil pesos. \u201cVamos a hacer todo lo posible y lo imposible para que no cierre\u201d afirmaron Omar Pelli y Graciela Correa de la empresa recuperada.<\/p>\n<p><em>\u00a0<\/em><\/p>\n<p><strong>FUENTE: PERIODICO EL INFORME DE LA CIUDAD (CA\u00d1ADA DE GOMEZ)<\/strong><\/p>\n<p>&nbsp;<\/p>\n<p>Vitrofin como cooperativa y empresa recuperada enfrenta un desaf\u00edo sideral: un tarifazo del 600% que puede terminar con la producci\u00f3n y finalmente obligarlos a cerrar sus puertas. Ante tal momento dialogamos con Omar Pelli y Graciela Correa de la mencionada empresa recuperada:<\/p>\n<p><strong>O.P.:<\/strong> Nosotros sab\u00edamos que iba a haber un incremento en las tarifas y que era bastante fuerte pero nunca pensamos que pod\u00eda ser esa cifra. Aparte ayer nos terminamos de enterar que ni siquiera es la totalidad del mes, sino que han tomado parcialmente la tarifa, o sea que significa que aparte de recibir la cifra que figura en la factura, el mes pr\u00f3ximo posiblemente sea mayor.<\/p>\n<p><strong>\u00bfPodemos recordar la cifra que se detalla en la factura de gas?<\/strong><\/p>\n<p><strong>O.P.:<\/strong> Nosotros pagamos en el mes de abril 44 mil pesos, que es un promedio, depende del uso que le damos a los hornos y en este mes nos lleg\u00f3 la factura de <strong>293.112.493 pesos.<\/strong> Consumimos alrededor de dos mil m3 diarios, as\u00ed que te podes dar una idea del consumo real\u2026<\/p>\n<p><strong>\u00bfDe que porcentaje estamos hablando\u00a0 en materia de aumento del suministro?<\/strong><\/p>\n<p><strong>G.C.:<\/strong> Estamos hablando de un 600 % de aumento aproximadamente\u2026 una aberraci\u00f3n. Lo triste es que con quien hables ser sorprende del importe, porque nosotros nos comenzamos a mover a los cinco minutos de haber recibido la factura, luego del asombro que nos gener\u00f3. Consultamos a los compa\u00f1eros de las cooperativas de Rosario si hab\u00edan recibido la factura con cifras elevadas\u2026 todav\u00eda ellos no la han recibido, estamos solos y somos los primeros.<\/p>\n<p><strong>\u00bfVitrofin deber\u00eda recibir una tarifa social o algo por el estilo ya que se trata de una cooperativa y a\u00fan m\u00e1s una f\u00e1brica recuperada?<\/strong><\/p>\n<p><strong>O.P.:<\/strong> No, en esto fueron dr\u00e1sticos. Hablas con ENARGAS y ellos dicen que fue una resoluci\u00f3n del gobierno y la aplicaron, LITORAL GAS lo mismo, nos ofreci\u00f3 \u00fanicamente extender el plazo de pago por unos d\u00edas\u2026 pero eso representa que se nos junte la boleta de este mes con el pr\u00f3ximo y c\u00f3mo hacemos?<\/p>\n<p><strong>\u00bfSimplemente se trat\u00f3 de una medida de aumento del suministro por parte del Gobierno Nacional?<\/strong><\/p>\n<p><strong>G.C.:<\/strong> Exactamente, ac\u00e1 nos meti\u00f3 a todos en la misma bolsa, es lo mismo que el aumento al consumo domiciliario y que no reparan si hay hogares que no pueden pagarlo. El incremento es para todos, ac\u00e1 no discriminan si son empresas recuperadas. El incremento se aplic\u00f3 y fue para todos.<\/p>\n<p><strong>\u00bfCu\u00e1ntos trabajadores albergan en VITROFIN?<\/strong><\/p>\n<p><strong>O.P.:<\/strong> Trabajando en VITROFIN somos 60 pero dependen otras 30 familias m\u00e1s porque contamos los distribuidores, que a su vez tienen talleres donde se agrega mano de obra y sub-distribuidores o vendedores\u2026 Estamos desconcertados, no le encontramos salida, si ac\u00e1 no aparece una tarifa social es imposible, pero ac\u00e1 en Ca\u00f1ada de G\u00f3mez debe haber una mont\u00f3n de empresas que deben estar en la misma situaci\u00f3n y m\u00e1s si trabajan con suministros de gas.<\/p>\n<p><strong>Si ustedes no alcanzan a pagar, \u00bfqu\u00e9 pasa?<\/strong><\/p>\n<p><strong>O.P.:<\/strong> No sabemos, de todas las maneras estamos viendo si podemos meter una cautelar, el abogado est\u00e1 trabajando al respecto porque ac\u00e1 te dan siete d\u00edas de recibido y luego te declaran en mora. Entonces estamos analizando con el abogado de realizar una serie de cartas documentos para diferentes presentaciones a las distintas entidades, y por \u00faltimo si fuese necesario una al presidente de la Naci\u00f3n\u2026 pero es espantosa la situaci\u00f3n.<\/p>\n<p><strong>Tengo entendido que recibieron el apoyo de la Municipalidad de Ca\u00f1ada de G\u00f3mez, \u00bfes as\u00ed?<\/strong><\/p>\n<p><strong>O.P.:<\/strong> S\u00ed, recibimos un aval de la intendencia porque vamos a hacer la presentaci\u00f3n con el aval de la intendenta. Esta es una aberraci\u00f3n, desestabiliza a cualquiera empresa y nosotros que venimos trabajando hace 13 a\u00f1os, vivimos de lo que fabricamos, nos encontramos con esto, adem\u00e1s del d\u00e9ficit de ventas por la crisis en general. No podemos volcar al producto este tarifazo.<\/p>\n<p><strong>\u00bfVan a tomar alguna medida de fuerza si esto no se soluciona?<\/strong><\/p>\n<p><strong>O.P.:<\/strong> Eso se est\u00e1 viendo porque no queremos salir y actuar anticipadamente. Por ah\u00ed lo correcto hubiera sido parar y poner la gente en la calle cortando la ruta pero primero vamos por el di\u00e1logo. Estamos tratando de agotar todas las instancias. Vamos a tratar de hacer una nota al gobernador solicit\u00e1ndole que anteceda ante el gobierno de la Naci\u00f3n en defensa nuestra.<\/p>\n<p><strong>\u00bfQu\u00e9 creen que pasar\u00eda con Vitrofin ante este hecho?<\/strong><\/p>\n<p><strong>O.P.:<\/strong> Nosotros por lo pronto tenemos que hacer todo de manera legal. Vamos por intermedio de nuestro abogado a hacer una presentaci\u00f3n a ENARGAS la cual va a avalar la intendenta como autoridad m\u00e1xima de la ciudad, otra nota va destinada al Gobierno de Santa Fe y despu\u00e9s veremos si tenemos que viajar a Buenos Aires. Vamos a hacer todo lo posible y lo imposible para que esta empresa no cierre y deje 60 familias en la calle pero se la vamos a pelear.<\/p>\n<p><strong>\u00bfCu\u00e1l es la realidad econ\u00f3mica de la empresa hoy?<\/strong><\/p>\n<p><strong>O.P.:<\/strong> Hab\u00edamos implementado el cristal de color y nos arriesgamos a fabricarlos pero necesitamos un horno espec\u00edfico. Ese horno nos va a salir al estar terminado m\u00e1s de 400 mil pesos pero a nosotros lo que nos duele es que el Ministro de Producci\u00f3n de la Naci\u00f3n dijo en Las Varillas en un momento que si uno no le encontraba la salida a la empresa que buscara de hacer otra cosa. Me pregunto: \u00bfqu\u00e9 otra cosa podemos hacer si la f\u00e1brica est\u00e1 montada para fabricar copas de cristal?<\/p>\n<p><strong>\u00bfQu\u00e9 campo de mercado abarca en la actualidad Vitrofin?<\/strong><\/p>\n<p><strong>O.P.:<\/strong> Vitrofin trabaja con su producci\u00f3n en el mercado interno, abastecemos a todo el pa\u00eds. Nosotros tenemos la materia prima a valor d\u00f3lar pero de todos modos la ven\u00edamos llevando hasta ahora, gracias a Dios, salvo este problema que surgi\u00f3 ahora. Hoy vinieron por nosotros pero ma\u00f1ana van a venir por el resto, por todos, ac\u00e1 tambi\u00e9n va a llegar a los hogares\u2026<\/p>\n","protected":false},"excerpt":{"rendered":"<p>La Cooperativa de Trabajo debe abonar m\u00e1s de 290 mil pesos. \u201cVamos a hacer todo lo posible y lo imposible para que no cierre\u201d afirmaron Omar Pelli y Graciela Correa de la empresa recuperada. \u00a0 FUENTE: PERIODICO EL INFORME DE LA CIUDAD (CA\u00d1ADA DE GOMEZ) &nbsp; Vitrofin como cooperativa y empresa recuperada enfrenta un desaf\u00edo <a href=\"https:\/\/armstrongyregion.com.ar\/diario\/vitrofin-recibio-la-factura-de-gas-con-una-suba-del-600\/\" title=\"Read more\" >&#8230;<\/a><\/p>\n","protected":false},"author":2,"featured_media":7786,"comment_status":"open","ping_status":"open","sticky":false,"template":"","format":"standard","meta":{"_jetpack_memberships_contains_paid_content":false,"footnotes":"","jetpack_publicize_message":"","jetpack_publicize_feature_enabled":true,"jetpack_social_post_already_shared":false,"jetpack_social_options":{"image_generator_settings":{"template":"highway","default_image_id":0,"enabled":false},"version":2}},"categories":[1,7,3],"tags":[931,100,19,53,2211,3944,31,496,2615,103,3943],"class_list":["post-7785","post","type-post","status-publish","format-standard","has-post-thumbnail","hentry","category-diario-armstrong","category-politica","category-region","tag-931","tag-con","tag-de","tag-del","tag-factura","tag-gas","tag-la","tag-recibio","tag-suba","tag-una","tag-vitrofin"],"jetpack_publicize_connections":[],"jetpack_featured_media_url":"https:\/\/armstrongyregion.com.ar\/diario\/wp-content\/uploads\/2016\/05\/Vitrofin-2.jpg","jetpack_shortlink":"https:\/\/wp.me\/p62QDO-21z","jetpack_sharing_enabled":true,"amp_enabled":true,"_links":{"self":[{"href":"https:\/\/armstrongyregion.com.ar\/diario\/wp-json\/wp\/v2\/posts\/7785","targetHints":{"allow":["GET"]}}],"collection":[{"href":"https:\/\/armstrongyregion.com.ar\/diario\/wp-json\/wp\/v2\/posts"}],"about":[{"href":"https:\/\/armstrongyregion.com.ar\/diario\/wp-json\/wp\/v2\/types\/post"}],"author":[{"embeddable":true,"href":"https:\/\/armstrongyregion.com.ar\/diario\/wp-json\/wp\/v2\/users\/2"}],"replies":[{"embeddable":true,"href":"https:\/\/armstrongyregion.com.ar\/diario\/wp-json\/wp\/v2\/comments?post=7785"}],"version-history":[{"count":0,"href":"https:\/\/armstrongyregion.com.ar\/diario\/wp-json\/wp\/v2\/posts\/7785\/revisions"}],"wp:featuredmedia":[{"embeddable":true,"href":"https:\/\/armstrongyregion.com.ar\/diario\/wp-json\/wp\/v2\/media\/7786"}],"wp:attachment":[{"href":"https:\/\/armstrongyregion.com.ar\/diario\/wp-json\/wp\/v2\/media?parent=7785"}],"wp:term":[{"taxonomy":"category","embeddable":true,"href":"https:\/\/armstrongyregion.com.ar\/diario\/wp-json\/wp\/v2\/categories?post=7785"},{"taxonomy":"post_tag","embeddable":true,"href":"https:\/\/armstrongyregion.com.ar\/diario\/wp-json\/wp\/v2\/tags?post=7785"}],"curies":[{"name":"wp","href":"https:\/\/api.w.org\/{rel}","templated":true}]}}