{"id":7773,"date":"2016-05-16T14:34:00","date_gmt":"2016-05-16T14:34:00","guid":{"rendered":"https:\/\/armstrongyregion.com.ar\/diario\/?p=7773"},"modified":"2016-05-16T14:34:00","modified_gmt":"2016-05-16T14:34:00","slug":"villa-eloisa-giaccone-asistio-a-la-inauguracion-de-la-muestra-forma-y-color","status":"publish","type":"post","link":"https:\/\/armstrongyregion.com.ar\/diario\/villa-eloisa-giaccone-asistio-a-la-inauguracion-de-la-muestra-forma-y-color\/","title":{"rendered":"Villa Elo\u00edsa: Giaccone asisti\u00f3 a la inauguraci\u00f3n de la muestra \u00abForma y Color\u00bb."},"content":{"rendered":"<p><a href=\"http:\/\/armstrongyregion.com.ar\/diario\/wp-content\/uploads\/2016\/05\/VELOISA-forma5-150516.jpg\"><img loading=\"lazy\" decoding=\"async\" class=\"alignnone size-full wp-image-7774\" src=\"http:\/\/armstrongyregion.com.ar\/diario\/wp-content\/uploads\/2016\/05\/VELOISA-forma5-150516.jpg\" alt=\"VELOISA-forma5-150516\" width=\"768\" height=\"576\" srcset=\"https:\/\/armstrongyregion.com.ar\/diario\/wp-content\/uploads\/2016\/05\/VELOISA-forma5-150516.jpg 768w, https:\/\/armstrongyregion.com.ar\/diario\/wp-content\/uploads\/2016\/05\/VELOISA-forma5-150516-300x225.jpg 300w\" sizes=\"auto, (max-width: 768px) 100vw, 768px\" \/><\/a>El domingo 15 de mayo, en el Sal\u00f3n Multifunci\u00f3n y como parte de la celebraci\u00f3n 105\u00b0 Aniversario de Villa Elo\u00edsa qued\u00f3 formalmente inaugurada en esa localidad la muestra del Ente Cultural Santafesino denominada \u201cForma y Color\u201d.<br \/>\nMediante este programa cultural se organizan m\u00faltiples y diversas muestras de artistas pl\u00e1sticos, exponiendo sus trabajos en jornadas organizadas dentro de las Usinas Culturales y de la Galer\u00eda Virtual \u201cGuillermina Milocco\u201d , originando un espacio de interacci\u00f3n entre los artistas, sus t\u00e9cnicas, y habitantes de nuestra regi\u00f3n.<br \/>\nEncabezaron esta apertura, el Presidente Comunal Mauricio Tartaglini, la Diputada Provincial Claudia Giaccone, el Presidente del ECS Lic. Leonardo Carrozza, el Secretario de Cultura local Claudio Pellegrini, la Directora de la Usina I (sur) Lic. Marcela Geminale y Viviana Maccari, Secretaria de Cultura de Salto Grande.<br \/>\nPALABRAS<br \/>\nLeonardo Carrozza-Presidente ECS: \u00ab\u201cForma y Color\u201d se inaugura a partir de este momento en esta regi\u00f3n de la provincia y ustedes podr\u00e1n observar que se presentan obras que interaccionan a lo largo y ancho de Santa Fe\u201d.<br \/>\nMarcela Geminale- Directora Usina I (Sur), agradeci\u00f3 \u00abla predisposici\u00f3n y colaboraci\u00f3n de cada Secretaria de Cultura, a todas las personas que se entregan a participar de esta propuesta. Seguimos recorriendo cada una de las 13 comunidades de nuestra Usina promoviendo el talento y creatividad de cada artista pl\u00e1stico del centro-sur santafesino\u00bb.<br \/>\nDiputada Provincial Claudia Giaccone: \u201cQuiero resaltar y distinguir el compromiso del Presidente Comunal, el cual me remarc\u00f3 que quer\u00eda apostar a la Cultura y al trabajo de regionalizaci\u00f3n que viene llev\u00e1ndose desde el Ente Cultural Santafesino\u00bb.<br \/>\nLa legisladora le dedic\u00f3 un p\u00e1rrafo especial en su mensaje a la Directora de la Usina, expresando que \u201cMarcela Geminale es una militante cultural que nos ense\u00f1a con su ejemplo la manera de transitar este camino de integraci\u00f3n y cooperaci\u00f3n; debemos poner en valor estos gestos que nacen desde el interior de la provincia de Santa Fe y replicarlos en todo el territorio\u201d.<br \/>\nCalendario \u201cForma y Color\u201d<br \/>\nVilla Elo\u00edsa: 15 al 20 de mayo<br \/>\nCorrea: 22 al 28 de mayo<br \/>\nBustinza: 29 al 4 de junio<br \/>\nTotoras: 5 al 11 de junio<br \/>\nCarrizales: 13 al 18 de junio<br \/>\nSerodino: 19 al 25 de junio<br \/>\nAndino: 26 al 2 de julio<br \/>\nCapit\u00e1n Berm\u00fadez: 3 al 9 de julio<br \/>\nRicardone: 10 al 16 de julio<br \/>\nAldao: 17 al 23 de julio<br \/>\nLuis Palacios: 24 al 30 de julio<br \/>\nLucio V. L\u00f3pez: 31 al 6 de agosto<br \/>\nSalto Grande: 7 al 13 de agosto<\/p>\n","protected":false},"excerpt":{"rendered":"<p>El domingo 15 de mayo, en el Sal\u00f3n Multifunci\u00f3n y como parte de la celebraci\u00f3n 105\u00b0 Aniversario de Villa Elo\u00edsa qued\u00f3 formalmente inaugurada en esa localidad la muestra del Ente Cultural Santafesino denominada \u201cForma y Color\u201d. Mediante este programa cultural se organizan m\u00faltiples y diversas muestras de artistas pl\u00e1sticos, exponiendo sus trabajos en jornadas organizadas <a href=\"https:\/\/armstrongyregion.com.ar\/diario\/villa-eloisa-giaccone-asistio-a-la-inauguracion-de-la-muestra-forma-y-color\/\" title=\"Read more\" >&#8230;<\/a><\/p>\n","protected":false},"author":2,"featured_media":7774,"comment_status":"open","ping_status":"open","sticky":false,"template":"","format":"standard","meta":{"_jetpack_memberships_contains_paid_content":false,"footnotes":"","jetpack_publicize_message":"","jetpack_publicize_feature_enabled":true,"jetpack_social_post_already_shared":false,"jetpack_social_options":{"image_generator_settings":{"template":"highway","default_image_id":0,"enabled":false},"version":2}},"categories":[6,1,7,3],"tags":[33,3268,14,1956,1019,31,1358,13],"class_list":["post-7773","post","type-post","status-publish","format-standard","has-post-thumbnail","hentry","category-cultura-entretenimiento","category-diario-armstrong","category-politica","category-region","tag-a","tag-asistio","tag-color","tag-forma","tag-giaccone","tag-la","tag-muestra","tag-y"],"jetpack_publicize_connections":[],"jetpack_featured_media_url":"https:\/\/armstrongyregion.com.ar\/diario\/wp-content\/uploads\/2016\/05\/VELOISA-forma5-150516.jpg","jetpack_shortlink":"https:\/\/wp.me\/p62QDO-21n","jetpack_sharing_enabled":true,"amp_enabled":true,"_links":{"self":[{"href":"https:\/\/armstrongyregion.com.ar\/diario\/wp-json\/wp\/v2\/posts\/7773","targetHints":{"allow":["GET"]}}],"collection":[{"href":"https:\/\/armstrongyregion.com.ar\/diario\/wp-json\/wp\/v2\/posts"}],"about":[{"href":"https:\/\/armstrongyregion.com.ar\/diario\/wp-json\/wp\/v2\/types\/post"}],"author":[{"embeddable":true,"href":"https:\/\/armstrongyregion.com.ar\/diario\/wp-json\/wp\/v2\/users\/2"}],"replies":[{"embeddable":true,"href":"https:\/\/armstrongyregion.com.ar\/diario\/wp-json\/wp\/v2\/comments?post=7773"}],"version-history":[{"count":0,"href":"https:\/\/armstrongyregion.com.ar\/diario\/wp-json\/wp\/v2\/posts\/7773\/revisions"}],"wp:featuredmedia":[{"embeddable":true,"href":"https:\/\/armstrongyregion.com.ar\/diario\/wp-json\/wp\/v2\/media\/7774"}],"wp:attachment":[{"href":"https:\/\/armstrongyregion.com.ar\/diario\/wp-json\/wp\/v2\/media?parent=7773"}],"wp:term":[{"taxonomy":"category","embeddable":true,"href":"https:\/\/armstrongyregion.com.ar\/diario\/wp-json\/wp\/v2\/categories?post=7773"},{"taxonomy":"post_tag","embeddable":true,"href":"https:\/\/armstrongyregion.com.ar\/diario\/wp-json\/wp\/v2\/tags?post=7773"}],"curies":[{"name":"wp","href":"https:\/\/api.w.org\/{rel}","templated":true}]}}