{"id":777,"date":"2015-02-10T04:11:12","date_gmt":"2015-02-10T04:11:12","guid":{"rendered":"https:\/\/armstrongyregion.com.ar\/diario\/?p=777"},"modified":"2015-02-10T04:11:12","modified_gmt":"2015-02-10T04:11:12","slug":"roberto-y-emiliano-gramigna-junto-a-sergio-massa-en-santa-fe","status":"publish","type":"post","link":"https:\/\/armstrongyregion.com.ar\/diario\/roberto-y-emiliano-gramigna-junto-a-sergio-massa-en-santa-fe\/","title":{"rendered":"Roberto y Emiliano Gramigna Junto a Sergio Massa en Santa Fe."},"content":{"rendered":"<p><a href=\"http:\/\/armstrongyregion.com.ar\/diario\/wp-content\/uploads\/2015\/02\/Gramigna-Masa-.jpg\"><img loading=\"lazy\" decoding=\"async\" class=\"alignnone size-medium wp-image-778\" src=\"http:\/\/armstrongyregion.com.ar\/diario\/wp-content\/uploads\/2015\/02\/Gramigna-Masa--300x200.jpg\" alt=\"Gramigna- Masa-\" width=\"300\" height=\"200\" srcset=\"https:\/\/armstrongyregion.com.ar\/diario\/wp-content\/uploads\/2015\/02\/Gramigna-Masa--300x200.jpg 300w, https:\/\/armstrongyregion.com.ar\/diario\/wp-content\/uploads\/2015\/02\/Gramigna-Masa-.jpg 525w\" sizes=\"auto, (max-width: 300px) 100vw, 300px\" \/><\/a>El pasado domingo los dirigentes de Renovaci\u00f3n por Armstrong y del Frente Renovador, Roberto y Emiliano Gramigna asistieron al lanzamiento de campa\u00f1a de Diego Degano y Fernando Fleitas que competir\u00e1n por la Intendencia de la ciudad de Santa Fe conjuntamente con dirigentes de toda la Provincia, el acto fue encabezado por el Candidato a Presidente de la Naci\u00f3n Sergio Massa, quien aprovecho la oportunidad para manifestar su apoyo a la candidatura de Emiliano Gramigna como Concejal en la ciudad de Armstrong.<br \/>\nEn el mismo tambi\u00e9n Massa le expreso al Concejal Roberto Gramigna su deseo de que compita como Candidato a Senador por el Frente Renovador en el Departamento Belgrano, propuesta que el actual Concejal se encuentra evaluando.-<\/p>\n","protected":false},"excerpt":{"rendered":"<p>El pasado domingo los dirigentes de Renovaci\u00f3n por Armstrong y del Frente Renovador, Roberto y Emiliano Gramigna asistieron al lanzamiento de campa\u00f1a de Diego Degano y Fernando Fleitas que competir\u00e1n por la Intendencia de la ciudad de Santa Fe conjuntamente con dirigentes de toda la Provincia, el acto fue encabezado por el Candidato a Presidente <a href=\"https:\/\/armstrongyregion.com.ar\/diario\/roberto-y-emiliano-gramigna-junto-a-sergio-massa-en-santa-fe\/\" title=\"Read more\" >&#8230;<\/a><\/p>\n","protected":false},"author":2,"featured_media":778,"comment_status":"open","ping_status":"open","sticky":false,"template":"","format":"standard","meta":{"_jetpack_memberships_contains_paid_content":false,"footnotes":"","jetpack_publicize_message":"","jetpack_publicize_feature_enabled":true,"jetpack_social_post_already_shared":false,"jetpack_social_options":{"image_generator_settings":{"template":"highway","default_image_id":0,"enabled":false},"version":2}},"categories":[8,1,7],"tags":[33,15,77,578,775,399,776],"class_list":["post-777","post","type-post","status-publish","format-standard","has-post-thumbnail","hentry","category-deliberando","category-diario-armstrong","category-politica","tag-a","tag-en","tag-fe","tag-massa","tag-roberto-y-emiliano-gramignajunto","tag-santa","tag-sergio"],"jetpack_publicize_connections":[],"jetpack_featured_media_url":"https:\/\/armstrongyregion.com.ar\/diario\/wp-content\/uploads\/2015\/02\/Gramigna-Masa-.jpg","jetpack_shortlink":"https:\/\/wp.me\/p62QDO-cx","jetpack_sharing_enabled":true,"amp_enabled":true,"_links":{"self":[{"href":"https:\/\/armstrongyregion.com.ar\/diario\/wp-json\/wp\/v2\/posts\/777","targetHints":{"allow":["GET"]}}],"collection":[{"href":"https:\/\/armstrongyregion.com.ar\/diario\/wp-json\/wp\/v2\/posts"}],"about":[{"href":"https:\/\/armstrongyregion.com.ar\/diario\/wp-json\/wp\/v2\/types\/post"}],"author":[{"embeddable":true,"href":"https:\/\/armstrongyregion.com.ar\/diario\/wp-json\/wp\/v2\/users\/2"}],"replies":[{"embeddable":true,"href":"https:\/\/armstrongyregion.com.ar\/diario\/wp-json\/wp\/v2\/comments?post=777"}],"version-history":[{"count":0,"href":"https:\/\/armstrongyregion.com.ar\/diario\/wp-json\/wp\/v2\/posts\/777\/revisions"}],"wp:featuredmedia":[{"embeddable":true,"href":"https:\/\/armstrongyregion.com.ar\/diario\/wp-json\/wp\/v2\/media\/778"}],"wp:attachment":[{"href":"https:\/\/armstrongyregion.com.ar\/diario\/wp-json\/wp\/v2\/media?parent=777"}],"wp:term":[{"taxonomy":"category","embeddable":true,"href":"https:\/\/armstrongyregion.com.ar\/diario\/wp-json\/wp\/v2\/categories?post=777"},{"taxonomy":"post_tag","embeddable":true,"href":"https:\/\/armstrongyregion.com.ar\/diario\/wp-json\/wp\/v2\/tags?post=777"}],"curies":[{"name":"wp","href":"https:\/\/api.w.org\/{rel}","templated":true}]}}